{"id":155,"date":"2009-12-21T19:37:15","date_gmt":"2009-12-21T19:37:15","guid":{"rendered":"http:\/\/news.mosne.it\/?p=155"},"modified":"2009-12-21T19:37:15","modified_gmt":"2009-12-21T19:37:15","slug":"le-bilan-2009","status":"publish","type":"post","link":"https:\/\/minimiam.com\/fr\/le-bilan-2009\/","title":{"rendered":"Le bilan 2009"},"content":{"rendered":"<p>2009 touche \u00e0 sa fin, et comme pour beaucoup c&rsquo;est le moment de faire un petit retour sur l&rsquo;ann\u00e9e. Dans le cas des Minimiam, l&rsquo;ann\u00e9e 2009 fut tr\u00e8s bonne: En effet, il y eu trois expositions, dont celle magnifique de <a href=\"http:\/\/www.news.minimiam.com\/?2009\/03\/15\/114-vernissage-de-lievin\">Li\u00e9vin<\/a> avec son installation \u00ab\u00a0qui sauvera le sh\u00e9rif?\u00a0\u00bb  \u00ab&nbsp;&#338;ufs, Set et Match&nbsp;\u00bb et la photo cr\u00e9e pour l&rsquo;occasion, \u00ab\u00a0la mine \u00e0 chuques\u00a0\u00bb.<br \/> Celle de <a href=\"http:\/\/www.news.minimiam.com\/?2009\/10\/09\/125-vernissage\">Biarritz<\/a> nous permit de faire la rencontre de V\u00e9ronika, et celle de M\u00e9rignac la rencontre avec des amateurs de <a href=\"http:\/\/www.news.minimiam.com\/?2009\/11\/29\/130-epilogue-vineu\">vin<\/a>.<br \/>\nCette ann\u00e9e fut marqu\u00e9e par l&rsquo;arriv\u00e9e, dans le petit monde des Minimiam, d&rsquo;<a href=\"http:\/\/www.news.minimiam.com\/?2009\/11\/26\/129-merci-orathay\">Orathay<\/a>, qui est venue r\u00e9aliser des recettes pour les photos. Nous avons en cette fin d&rsquo;ann\u00e9e produits quelques photos pour <a href=\"http:\/\/www.news.minimiam.com\/?2009\/11\/12\/127-l-express-styles\">l&rsquo;Express Styles<\/a>, mais aussi pour <a href=\"http:\/\/www.news.minimiam.com\/?2009\/09\/17\/121-le-monde-magazine-en-parachute\">le Monde Magazine<\/a> dans un registre diff\u00e9rent, et sur cette bonne \u00e9nergie, on \u00e0 ressorti du carnet de croquis d&rsquo;anciennes id\u00e9es qui v\u00e9g\u00e9taient depuis plusieurs ann\u00e9es&#8230; Donc pour avoir une vision plus g\u00e9n\u00e9rale de cette production, voici les diptyques produits en 2009. Ceux du Monde Magazine seront pr\u00e9sent\u00e9es lors de la cl\u00f4ture de la commande fin janvier. (les titres des images ne sont pas d\u00e9finitives.) Donc par ordre chronologique:<\/p>\n<p><img decoding=\"async\" src=\"\/images\/tarte-a-chuque.jpg\" alt=\"\" \/> \u00a9Minimiam 2009. <strong>Mine \u00e0 chuques<\/strong>.<br \/>\nDeux g\u00e9n\u00e9rations, ou deux \u00e9poques de la vie du Nord de la France.<\/p>\n<p><img decoding=\"async\" src=\"\/images\/Bentodipty.jpg\" alt=\"\" \/> \u00a9Minimiam 2009. <strong>Bento break<\/strong> (pour l&rsquo;Express Styles)<br \/>\nEn hommage \u00e0 une c\u00e9l\u00e8bre image <a href=\"http:\/\/images.google.fr\/imgres?imgurl=http:\/\/img259.imageshack.us\/img259\/7017\/bouwvakker3newyork1932cur4.jpg&amp;imgrefurl=http:\/\/laiusolibrius.free.fr\/index.php%3F2007\/03&amp;usg=__5-qalpFtFksfspCG1r7rpHdKkiM=&amp;h=457&amp;w=500&amp;sz=168&amp;hl=fr&amp;start=1&amp;um=1&amp;tbnid=a3qTHD90IR7nDM:&amp;tbnh=119&amp;tbnw=130&amp;prev=\/images%3Fq%3Douvrier%2Bnew%2Byork%26hl%3Dfr%26client%3Dfirefox-a%26rls%3Dorg.mozilla:fr:official%26sa%3DN%26um%3D1\">d&rsquo;ouvriers New New-yorkais<\/a>, d\u00e9jeunant sur une poutrelle, dans le vide, vers 1930.<\/p>\n<p><img decoding=\"async\" src=\"\/images\/Viandedipty.jpg\" alt=\"\" \/> \u00a9Minimiam 2009. <strong>Fashion Meat<\/strong>. (pour l&rsquo;Express Styles)<br \/>\nLa viande haute couture.<\/p>\n<p><img decoding=\"async\" src=\"\/images\/patisseriedipty.jpg\" alt=\"\" \/> \u00a9Minimiam 2009. <strong>Religieuse 2<\/strong>. (pour l&rsquo;Express Styles)<br \/>\nReligieuse de Claire Damon (Des G\u00e2teaux et du Pain. Paris 15\u00e8me) au Caramel et beurre sal\u00e9&#8230; exquis. Peut-\u00eatre m\u00eame trop riche, je ne suis pas arriver \u00e0 go\u00fbter \u00e0 autre chose apr\u00e8s!<\/p>\n<p><img decoding=\"async\" src=\"\/images\/flan.jpg\" alt=\"\" \/> \u00a9Minimiam 2009. <strong>Falaise<\/strong>.<\/p>\n<p><img decoding=\"async\" src=\"\/images\/Cup-cake.jpg\" alt=\"\" \/> \u00a9Minimiam 2009. <strong>Cup Cake &amp; Cie<\/strong>.<\/p>\n<p><img decoding=\"async\" src=\"\/images\/skate.jpg\" alt=\"\" \/> \u00a9Minimiam 2009. <strong>The Tub<\/strong>.<br \/>\nUne image qui \u00e9tait rest\u00e9e longtemps dans les cartons.<\/p>\n<p><img decoding=\"async\" src=\"\/images\/Pennys-Minor.jpg\" alt=\"\" \/> \u00a9Minimiam 2009. <strong>Pennys minor<\/strong>.<br \/>\nNous avons la galette des Rois, les Anglais ont leurs Christmas Pudding o\u00f9 ils placent un Penny.<\/p>\n<p><img decoding=\"async\" src=\"\/images\/Chocoshluss.jpg\" alt=\"\" \/> \u00a9Minimiam 2009. <strong>Sans titre<\/strong>.<\/p>\n<p><img decoding=\"async\" src=\"\/images\/mont-Ventoux.jpg\" alt=\"\" \/> \u00a9Minimiam 2009. <strong>Mont Ventoux<\/strong> ou <strong>Nids de poules<\/strong>.<br \/>\nPour faire suite \u00e0 le s\u00e9rie des &#339;ufs commenc\u00e9e avec P\u00e9nalty.<\/p>\n<p><img decoding=\"async\" src=\"\/images\/Soupediptyweb.jpg\" alt=\"\" \/> \u00a9Minimiam 2009. <strong>Baignade Interdite<\/strong>.<\/p>\n<p><img decoding=\"async\" src=\"\/images\/Brocoli.jpg\" alt=\"\" \/> \u00a9Minimiam 2009. <strong>Sans titre<\/strong>.<br \/>\nUne de mes images pr\u00e9f\u00e9r\u00e9e avec Cup Cake &amp; Cie cette ann\u00e9e.<\/p>\n<p><img decoding=\"async\" src=\"\/images\/sauvetage.jpg\" alt=\"\" \/> \u00a9Minimiam 2009. <strong>Sauvetage<\/strong>.<\/p>\n<p>Il ne manque plus que celle avec le p\u00e8re <strong><a href=\"http:\/\/www.news.minimiam.com\/?2009\/12\/01\/132-ohohoho\">No\u00ebl<\/a><\/strong>, mais peut-\u00eatre faudra-t-il attendre le 24 \u00e0 minuit?<\/p>\n","protected":false},"excerpt":{"rendered":"<p>2009 touche \u00e0 sa fin, et comme pour beaucoup c&rsquo;est le moment de faire un petit retour sur l&rsquo;ann\u00e9e. Dans le cas des Minimiam, l&rsquo;ann\u00e9e 2009 fut tr\u00e8s bonne: En effet, il y eu trois expositions, dont celle magnifique de Li\u00e9vin avec son installation \u00ab\u00a0qui sauvera le sh\u00e9rif?\u00a0\u00bb \u00ab&nbsp;&#338;ufs, Set et Match&nbsp;\u00bb et la photo [&hellip;]<\/p>\n","protected":false},"author":1,"featured_media":0,"comment_status":"closed","ping_status":"open","sticky":false,"template":"","format":"standard","meta":[],"categories":[39],"tags":[],"acf":[],"yoast_head":"<!-- This site is optimized with the Yoast SEO plugin v20.8 - https:\/\/yoast.com\/wordpress\/plugins\/seo\/ -->\n<title>Le bilan 2009 &bull; Minimiam<\/title>\n<meta name=\"robots\" content=\"index, follow, max-snippet:-1, max-image-preview:large, max-video-preview:-1\" \/>\n<link rel=\"canonical\" href=\"https:\/\/minimiam.com\/fr\/le-bilan-2009\/\" \/>\n<meta property=\"og:locale\" content=\"fr_FR\" \/>\n<meta property=\"og:type\" content=\"article\" \/>\n<meta property=\"og:title\" content=\"Le bilan 2009 &bull; Minimiam\" \/>\n<meta property=\"og:description\" content=\"2009 touche \u00e0 sa fin, et comme pour beaucoup c&rsquo;est le moment de faire un petit retour sur l&rsquo;ann\u00e9e. Dans le cas des Minimiam, l&rsquo;ann\u00e9e 2009 fut tr\u00e8s bonne: En effet, il y eu trois expositions, dont celle magnifique de Li\u00e9vin avec son installation \u00ab\u00a0qui sauvera le sh\u00e9rif?\u00a0\u00bb \u00ab&nbsp;&#338;ufs, Set et Match&nbsp;\u00bb et la photo [&hellip;]\" \/>\n<meta property=\"og:url\" content=\"https:\/\/minimiam.com\/fr\/le-bilan-2009\/\" \/>\n<meta property=\"og:site_name\" content=\"Minimiam\" \/>\n<meta property=\"article:publisher\" content=\"https:\/\/www.facebook.com\/mosnedesign\" \/>\n<meta property=\"article:published_time\" content=\"2009-12-21T19:37:15+00:00\" \/>\n<meta name=\"author\" content=\"admin_mm\" \/>\n<meta name=\"twitter:card\" content=\"summary_large_image\" \/>\n<meta name=\"twitter:creator\" content=\"@mosne\" \/>\n<meta name=\"twitter:site\" content=\"@mosne\" \/>\n<meta name=\"twitter:label1\" content=\"\u00c9crit par\" \/>\n\t<meta name=\"twitter:data1\" content=\"admin_mm\" \/>\n\t<meta name=\"twitter:label2\" content=\"Dur\u00e9e de lecture estim\u00e9e\" \/>\n\t<meta name=\"twitter:data2\" content=\"2 minutes\" \/>\n<script type=\"application\/ld+json\" class=\"yoast-schema-graph\">{\"@context\":\"https:\/\/schema.org\",\"@graph\":[{\"@type\":\"WebPage\",\"@id\":\"https:\/\/minimiam.com\/fr\/le-bilan-2009\/\",\"url\":\"https:\/\/minimiam.com\/fr\/le-bilan-2009\/\",\"name\":\"Le bilan 2009 &bull; Minimiam\",\"isPartOf\":{\"@id\":\"https:\/\/minimiam.com\/fr\/#website\"},\"datePublished\":\"2009-12-21T19:37:15+00:00\",\"dateModified\":\"2009-12-21T19:37:15+00:00\",\"author\":{\"@id\":\"https:\/\/minimiam.com\/#\/schema\/person\/51af5ec5d8729be28771b22e821d7761\"},\"breadcrumb\":{\"@id\":\"https:\/\/minimiam.com\/fr\/le-bilan-2009\/#breadcrumb\"},\"inLanguage\":\"fr-FR\",\"potentialAction\":[{\"@type\":\"ReadAction\",\"target\":[[\"https:\/\/minimiam.com\/fr\/le-bilan-2009\/\"]]}]},{\"@type\":\"BreadcrumbList\",\"@id\":\"https:\/\/minimiam.com\/fr\/le-bilan-2009\/#breadcrumb\",\"itemListElement\":[{\"@type\":\"ListItem\",\"position\":1,\"name\":\"Home\",\"item\":\"https:\/\/minimiam.com\/fr\/\"},{\"@type\":\"ListItem\",\"position\":2,\"name\":\"Le bilan 2009\"}]},{\"@type\":\"WebSite\",\"@id\":\"https:\/\/minimiam.com\/fr\/#website\",\"url\":\"https:\/\/minimiam.com\/fr\/\",\"name\":\"Minimiam\",\"description\":\"Pierre et Akiko\",\"potentialAction\":[{\"@type\":\"SearchAction\",\"target\":{\"@type\":\"EntryPoint\",\"urlTemplate\":\"https:\/\/minimiam.com\/fr\/?s={search_term_string}\"},\"query-input\":\"required name=search_term_string\"}],\"inLanguage\":\"fr-FR\"},{\"@type\":\"Person\",\"@id\":\"https:\/\/minimiam.com\/#\/schema\/person\/51af5ec5d8729be28771b22e821d7761\",\"name\":\"admin_mm\",\"image\":{\"@type\":\"ImageObject\",\"inLanguage\":\"fr-FR\",\"@id\":\"https:\/\/minimiam.com\/fr\/#\/schema\/person\/image\/\",\"url\":\"https:\/\/secure.gravatar.com\/avatar\/65087dddee9f68f0f1770463fc8d503e?s=96&d=mm&r=g\",\"contentUrl\":\"https:\/\/secure.gravatar.com\/avatar\/65087dddee9f68f0f1770463fc8d503e?s=96&d=mm&r=g\",\"caption\":\"admin_mm\"}}]}<\/script>\n<!-- \/ Yoast SEO plugin. -->","yoast_head_json":{"title":"Le bilan 2009 &bull; Minimiam","robots":{"index":"index","follow":"follow","max-snippet":"max-snippet:-1","max-image-preview":"max-image-preview:large","max-video-preview":"max-video-preview:-1"},"canonical":"https:\/\/minimiam.com\/fr\/le-bilan-2009\/","og_locale":"fr_FR","og_type":"article","og_title":"Le bilan 2009 &bull; Minimiam","og_description":"2009 touche \u00e0 sa fin, et comme pour beaucoup c&rsquo;est le moment de faire un petit retour sur l&rsquo;ann\u00e9e. Dans le cas des Minimiam, l&rsquo;ann\u00e9e 2009 fut tr\u00e8s bonne: En effet, il y eu trois expositions, dont celle magnifique de Li\u00e9vin avec son installation \u00ab\u00a0qui sauvera le sh\u00e9rif?\u00a0\u00bb \u00ab&nbsp;&#338;ufs, Set et Match&nbsp;\u00bb et la photo [&hellip;]","og_url":"https:\/\/minimiam.com\/fr\/le-bilan-2009\/","og_site_name":"Minimiam","article_publisher":"https:\/\/www.facebook.com\/mosnedesign","article_published_time":"2009-12-21T19:37:15+00:00","author":"admin_mm","twitter_card":"summary_large_image","twitter_creator":"@mosne","twitter_site":"@mosne","twitter_misc":{"\u00c9crit par":"admin_mm","Dur\u00e9e de lecture estim\u00e9e":"2 minutes"},"schema":{"@context":"https:\/\/schema.org","@graph":[{"@type":"WebPage","@id":"https:\/\/minimiam.com\/fr\/le-bilan-2009\/","url":"https:\/\/minimiam.com\/fr\/le-bilan-2009\/","name":"Le bilan 2009 &bull; Minimiam","isPartOf":{"@id":"https:\/\/minimiam.com\/fr\/#website"},"datePublished":"2009-12-21T19:37:15+00:00","dateModified":"2009-12-21T19:37:15+00:00","author":{"@id":"https:\/\/minimiam.com\/#\/schema\/person\/51af5ec5d8729be28771b22e821d7761"},"breadcrumb":{"@id":"https:\/\/minimiam.com\/fr\/le-bilan-2009\/#breadcrumb"},"inLanguage":"fr-FR","potentialAction":[{"@type":"ReadAction","target":[["https:\/\/minimiam.com\/fr\/le-bilan-2009\/"]]}]},{"@type":"BreadcrumbList","@id":"https:\/\/minimiam.com\/fr\/le-bilan-2009\/#breadcrumb","itemListElement":[{"@type":"ListItem","position":1,"name":"Home","item":"https:\/\/minimiam.com\/fr\/"},{"@type":"ListItem","position":2,"name":"Le bilan 2009"}]},{"@type":"WebSite","@id":"https:\/\/minimiam.com\/fr\/#website","url":"https:\/\/minimiam.com\/fr\/","name":"Minimiam","description":"Pierre et Akiko","potentialAction":[{"@type":"SearchAction","target":{"@type":"EntryPoint","urlTemplate":"https:\/\/minimiam.com\/fr\/?s={search_term_string}"},"query-input":"required name=search_term_string"}],"inLanguage":"fr-FR"},{"@type":"Person","@id":"https:\/\/minimiam.com\/#\/schema\/person\/51af5ec5d8729be28771b22e821d7761","name":"admin_mm","image":{"@type":"ImageObject","inLanguage":"fr-FR","@id":"https:\/\/minimiam.com\/fr\/#\/schema\/person\/image\/","url":"https:\/\/secure.gravatar.com\/avatar\/65087dddee9f68f0f1770463fc8d503e?s=96&d=mm&r=g","contentUrl":"https:\/\/secure.gravatar.com\/avatar\/65087dddee9f68f0f1770463fc8d503e?s=96&d=mm&r=g","caption":"admin_mm"}}]}},"_links":{"self":[{"href":"https:\/\/minimiam.com\/fr\/wp-json\/wp\/v2\/posts\/155"}],"collection":[{"href":"https:\/\/minimiam.com\/fr\/wp-json\/wp\/v2\/posts"}],"about":[{"href":"https:\/\/minimiam.com\/fr\/wp-json\/wp\/v2\/types\/post"}],"author":[{"embeddable":true,"href":"https:\/\/minimiam.com\/fr\/wp-json\/wp\/v2\/users\/1"}],"replies":[{"embeddable":true,"href":"https:\/\/minimiam.com\/fr\/wp-json\/wp\/v2\/comments?post=155"}],"version-history":[{"count":0,"href":"https:\/\/minimiam.com\/fr\/wp-json\/wp\/v2\/posts\/155\/revisions"}],"wp:attachment":[{"href":"https:\/\/minimiam.com\/fr\/wp-json\/wp\/v2\/media?parent=155"}],"wp:term":[{"taxonomy":"category","embeddable":true,"href":"https:\/\/minimiam.com\/fr\/wp-json\/wp\/v2\/categories?post=155"},{"taxonomy":"post_tag","embeddable":true,"href":"https:\/\/minimiam.com\/fr\/wp-json\/wp\/v2\/tags?post=155"}],"curies":[{"name":"wp","href":"https:\/\/api.w.org\/{rel}","templated":true}]}}