{"id":157,"date":"2010-01-28T09:26:49","date_gmt":"2010-01-28T09:26:49","guid":{"rendered":"http:\/\/news.mosne.it\/?p=157"},"modified":"2010-01-28T09:26:49","modified_gmt":"2010-01-28T09:26:49","slug":"lessive-en-famille","status":"publish","type":"post","link":"https:\/\/minimiam.com\/fr\/lessive-en-famille\/","title":{"rendered":"Lessive en famille"},"content":{"rendered":"<p>C&rsquo;est le dossier \u00ab\u00a0Famille\u00a0\u00bb du magazine Le P\u00e8lerin de cette semaine.<br \/> C&rsquo;est ma troisi\u00e8me collaboration avec ce magazine, et les th\u00e8mes sont assez \u00e9loign\u00e9s du monde culinaire, donc c&rsquo;est un bon exercice.<\/p>\n<p><img decoding=\"async\" src=\"\/images\/lepelerinLessive1.jpg\" alt=\"\" \/><br \/>\n<img decoding=\"async\" src=\"\/images\/lepelerinLessive2.jpg\" alt=\"\" \/><\/p>\n<p><strong><a href=\"http:\/\/www.news.minimiam.com\/?2006\/11\/16\/67-le-pelerin\">Premi\u00e8re<\/a><\/strong> et <strong><a href=\"http:\/\/www.news.minimiam.com\/?2007\/12\/14\/74-pelerinage\">seconde<\/a><\/strong> collaborations avec <a href=\"http:\/\/www.pelerin.info\/\">Le P\u00e8lerin Magazine<\/a>.<\/p>\n<p><img decoding=\"async\" src=\"\/images\/lepelerinLessiveimage.jpg\" alt=\"\" \/> <img decoding=\"async\" src=\"\/images\/lepelerinLessiveimage2.jpg\" alt=\"\" \/><\/p>\n","protected":false},"excerpt":{"rendered":"<p>C&rsquo;est le dossier \u00ab\u00a0Famille\u00a0\u00bb du magazine Le P\u00e8lerin de cette semaine. C&rsquo;est ma troisi\u00e8me collaboration avec ce magazine, et les th\u00e8mes sont assez \u00e9loign\u00e9s du monde culinaire, donc c&rsquo;est un bon exercice. Premi\u00e8re et seconde collaborations avec Le P\u00e8lerin Magazine.<\/p>\n","protected":false},"author":1,"featured_media":0,"comment_status":"closed","ping_status":"open","sticky":false,"template":"","format":"standard","meta":[],"categories":[45],"tags":[],"acf":[],"yoast_head":"<!-- This site is optimized with the Yoast SEO plugin v20.8 - https:\/\/yoast.com\/wordpress\/plugins\/seo\/ -->\n<title>Lessive en famille &bull; Minimiam<\/title>\n<meta name=\"robots\" content=\"index, follow, max-snippet:-1, max-image-preview:large, max-video-preview:-1\" \/>\n<link rel=\"canonical\" href=\"https:\/\/minimiam.com\/fr\/lessive-en-famille\/\" \/>\n<meta property=\"og:locale\" content=\"fr_FR\" \/>\n<meta property=\"og:type\" content=\"article\" \/>\n<meta property=\"og:title\" content=\"Lessive en famille &bull; Minimiam\" \/>\n<meta property=\"og:description\" content=\"C&rsquo;est le dossier \u00ab\u00a0Famille\u00a0\u00bb du magazine Le P\u00e8lerin de cette semaine. C&rsquo;est ma troisi\u00e8me collaboration avec ce magazine, et les th\u00e8mes sont assez \u00e9loign\u00e9s du monde culinaire, donc c&rsquo;est un bon exercice. Premi\u00e8re et seconde collaborations avec Le P\u00e8lerin Magazine.\" \/>\n<meta property=\"og:url\" content=\"https:\/\/minimiam.com\/fr\/lessive-en-famille\/\" \/>\n<meta property=\"og:site_name\" content=\"Minimiam\" \/>\n<meta property=\"article:publisher\" content=\"https:\/\/www.facebook.com\/mosnedesign\" \/>\n<meta property=\"article:published_time\" content=\"2010-01-28T09:26:49+00:00\" \/>\n<meta name=\"author\" content=\"admin_mm\" \/>\n<meta name=\"twitter:card\" content=\"summary_large_image\" \/>\n<meta name=\"twitter:creator\" content=\"@mosne\" \/>\n<meta name=\"twitter:site\" content=\"@mosne\" \/>\n<meta name=\"twitter:label1\" content=\"\u00c9crit par\" \/>\n\t<meta name=\"twitter:data1\" content=\"admin_mm\" \/>\n<script type=\"application\/ld+json\" class=\"yoast-schema-graph\">{\"@context\":\"https:\/\/schema.org\",\"@graph\":[{\"@type\":\"WebPage\",\"@id\":\"https:\/\/minimiam.com\/fr\/lessive-en-famille\/\",\"url\":\"https:\/\/minimiam.com\/fr\/lessive-en-famille\/\",\"name\":\"Lessive en famille &bull; Minimiam\",\"isPartOf\":{\"@id\":\"https:\/\/minimiam.com\/fr\/#website\"},\"datePublished\":\"2010-01-28T09:26:49+00:00\",\"dateModified\":\"2010-01-28T09:26:49+00:00\",\"author\":{\"@id\":\"https:\/\/minimiam.com\/#\/schema\/person\/51af5ec5d8729be28771b22e821d7761\"},\"breadcrumb\":{\"@id\":\"https:\/\/minimiam.com\/fr\/lessive-en-famille\/#breadcrumb\"},\"inLanguage\":\"fr-FR\",\"potentialAction\":[{\"@type\":\"ReadAction\",\"target\":[[\"https:\/\/minimiam.com\/fr\/lessive-en-famille\/\"]]}]},{\"@type\":\"BreadcrumbList\",\"@id\":\"https:\/\/minimiam.com\/fr\/lessive-en-famille\/#breadcrumb\",\"itemListElement\":[{\"@type\":\"ListItem\",\"position\":1,\"name\":\"Home\",\"item\":\"https:\/\/minimiam.com\/fr\/\"},{\"@type\":\"ListItem\",\"position\":2,\"name\":\"Lessive en famille\"}]},{\"@type\":\"WebSite\",\"@id\":\"https:\/\/minimiam.com\/fr\/#website\",\"url\":\"https:\/\/minimiam.com\/fr\/\",\"name\":\"Minimiam\",\"description\":\"Pierre et Akiko\",\"potentialAction\":[{\"@type\":\"SearchAction\",\"target\":{\"@type\":\"EntryPoint\",\"urlTemplate\":\"https:\/\/minimiam.com\/fr\/?s={search_term_string}\"},\"query-input\":\"required name=search_term_string\"}],\"inLanguage\":\"fr-FR\"},{\"@type\":\"Person\",\"@id\":\"https:\/\/minimiam.com\/#\/schema\/person\/51af5ec5d8729be28771b22e821d7761\",\"name\":\"admin_mm\",\"image\":{\"@type\":\"ImageObject\",\"inLanguage\":\"fr-FR\",\"@id\":\"https:\/\/minimiam.com\/fr\/#\/schema\/person\/image\/\",\"url\":\"https:\/\/secure.gravatar.com\/avatar\/65087dddee9f68f0f1770463fc8d503e?s=96&d=mm&r=g\",\"contentUrl\":\"https:\/\/secure.gravatar.com\/avatar\/65087dddee9f68f0f1770463fc8d503e?s=96&d=mm&r=g\",\"caption\":\"admin_mm\"}}]}<\/script>\n<!-- \/ Yoast SEO plugin. -->","yoast_head_json":{"title":"Lessive en famille &bull; Minimiam","robots":{"index":"index","follow":"follow","max-snippet":"max-snippet:-1","max-image-preview":"max-image-preview:large","max-video-preview":"max-video-preview:-1"},"canonical":"https:\/\/minimiam.com\/fr\/lessive-en-famille\/","og_locale":"fr_FR","og_type":"article","og_title":"Lessive en famille &bull; Minimiam","og_description":"C&rsquo;est le dossier \u00ab\u00a0Famille\u00a0\u00bb du magazine Le P\u00e8lerin de cette semaine. C&rsquo;est ma troisi\u00e8me collaboration avec ce magazine, et les th\u00e8mes sont assez \u00e9loign\u00e9s du monde culinaire, donc c&rsquo;est un bon exercice. Premi\u00e8re et seconde collaborations avec Le P\u00e8lerin Magazine.","og_url":"https:\/\/minimiam.com\/fr\/lessive-en-famille\/","og_site_name":"Minimiam","article_publisher":"https:\/\/www.facebook.com\/mosnedesign","article_published_time":"2010-01-28T09:26:49+00:00","author":"admin_mm","twitter_card":"summary_large_image","twitter_creator":"@mosne","twitter_site":"@mosne","twitter_misc":{"\u00c9crit par":"admin_mm"},"schema":{"@context":"https:\/\/schema.org","@graph":[{"@type":"WebPage","@id":"https:\/\/minimiam.com\/fr\/lessive-en-famille\/","url":"https:\/\/minimiam.com\/fr\/lessive-en-famille\/","name":"Lessive en famille &bull; Minimiam","isPartOf":{"@id":"https:\/\/minimiam.com\/fr\/#website"},"datePublished":"2010-01-28T09:26:49+00:00","dateModified":"2010-01-28T09:26:49+00:00","author":{"@id":"https:\/\/minimiam.com\/#\/schema\/person\/51af5ec5d8729be28771b22e821d7761"},"breadcrumb":{"@id":"https:\/\/minimiam.com\/fr\/lessive-en-famille\/#breadcrumb"},"inLanguage":"fr-FR","potentialAction":[{"@type":"ReadAction","target":[["https:\/\/minimiam.com\/fr\/lessive-en-famille\/"]]}]},{"@type":"BreadcrumbList","@id":"https:\/\/minimiam.com\/fr\/lessive-en-famille\/#breadcrumb","itemListElement":[{"@type":"ListItem","position":1,"name":"Home","item":"https:\/\/minimiam.com\/fr\/"},{"@type":"ListItem","position":2,"name":"Lessive en famille"}]},{"@type":"WebSite","@id":"https:\/\/minimiam.com\/fr\/#website","url":"https:\/\/minimiam.com\/fr\/","name":"Minimiam","description":"Pierre et Akiko","potentialAction":[{"@type":"SearchAction","target":{"@type":"EntryPoint","urlTemplate":"https:\/\/minimiam.com\/fr\/?s={search_term_string}"},"query-input":"required name=search_term_string"}],"inLanguage":"fr-FR"},{"@type":"Person","@id":"https:\/\/minimiam.com\/#\/schema\/person\/51af5ec5d8729be28771b22e821d7761","name":"admin_mm","image":{"@type":"ImageObject","inLanguage":"fr-FR","@id":"https:\/\/minimiam.com\/fr\/#\/schema\/person\/image\/","url":"https:\/\/secure.gravatar.com\/avatar\/65087dddee9f68f0f1770463fc8d503e?s=96&d=mm&r=g","contentUrl":"https:\/\/secure.gravatar.com\/avatar\/65087dddee9f68f0f1770463fc8d503e?s=96&d=mm&r=g","caption":"admin_mm"}}]}},"_links":{"self":[{"href":"https:\/\/minimiam.com\/fr\/wp-json\/wp\/v2\/posts\/157"}],"collection":[{"href":"https:\/\/minimiam.com\/fr\/wp-json\/wp\/v2\/posts"}],"about":[{"href":"https:\/\/minimiam.com\/fr\/wp-json\/wp\/v2\/types\/post"}],"author":[{"embeddable":true,"href":"https:\/\/minimiam.com\/fr\/wp-json\/wp\/v2\/users\/1"}],"replies":[{"embeddable":true,"href":"https:\/\/minimiam.com\/fr\/wp-json\/wp\/v2\/comments?post=157"}],"version-history":[{"count":0,"href":"https:\/\/minimiam.com\/fr\/wp-json\/wp\/v2\/posts\/157\/revisions"}],"wp:attachment":[{"href":"https:\/\/minimiam.com\/fr\/wp-json\/wp\/v2\/media?parent=157"}],"wp:term":[{"taxonomy":"category","embeddable":true,"href":"https:\/\/minimiam.com\/fr\/wp-json\/wp\/v2\/categories?post=157"},{"taxonomy":"post_tag","embeddable":true,"href":"https:\/\/minimiam.com\/fr\/wp-json\/wp\/v2\/tags?post=157"}],"curies":[{"name":"wp","href":"https:\/\/api.w.org\/{rel}","templated":true}]}}