{"id":3443,"date":"2018-03-23T13:22:44","date_gmt":"2018-03-23T12:22:44","guid":{"rendered":"http:\/\/minimiam.com\/?p=3443"},"modified":"2018-02-23T15:50:05","modified_gmt":"2018-02-23T14:50:05","slug":"j-p-gene","status":"publish","type":"post","link":"https:\/\/minimiam.com\/fr\/j-p-gene\/","title":{"rendered":"J-P G\u00e9n\u00e9."},"content":{"rendered":"<p><img decoding=\"async\" loading=\"lazy\" src=\"http:\/\/minimiam.com\/wp-content\/uploads\/2018\/03\/diplomatie-croquis-blog-585x434.jpg\" alt=\"\" width=\"585\" height=\"434\" class=\"alignnone size-medium wp-image-3446\" srcset=\"https:\/\/minimiam.com\/wp-content\/uploads\/2018\/03\/diplomatie-croquis-blog-585x434.jpg 585w, https:\/\/minimiam.com\/wp-content\/uploads\/2018\/03\/diplomatie-croquis-blog-768x569.jpg 768w, https:\/\/minimiam.com\/wp-content\/uploads\/2018\/03\/diplomatie-croquis-blog-1204x893.jpg 1204w, https:\/\/minimiam.com\/wp-content\/uploads\/2018\/03\/diplomatie-croquis-blog-265x196.jpg 265w, https:\/\/minimiam.com\/wp-content\/uploads\/2018\/03\/diplomatie-croquis-blog-432x320.jpg 432w, https:\/\/minimiam.com\/wp-content\/uploads\/2018\/03\/diplomatie-croquis-blog.jpg 1400w\" sizes=\"(max-width: 585px) 100vw, 585px\" \/><\/p>\n<p>C&rsquo;est une image qui n&rsquo;est jamais parue car la chronique qu&rsquo;elle aurait due illustr\u00e9e n&rsquo;est jamais parue, et pour cause&#8230;<br \/>\nL&rsquo;image devait souligner un article sur <strong>la gastronomie et la diplomatie<\/strong> de Jean-Paul G\u00e9n\u00e9raux, alias J-P G\u00e9n\u00e9 qui mourut voici un an suite \u00e0 une grave maladie qu&rsquo;il trainait depuis plusieurs ann\u00e9es.<\/p>\n<p>Un homme de conviction gustative et gastronomique, entier et respect\u00e9, tant et si bien que Guy Savoy, le sachant sur sa fin, lui fit livrer \u00e0 l\u2019h\u00f4pital des plats d\u2019exceptions jusqu\u2019\u00e0 ses derniers jours.<\/p>\n<p>Je vous laisse \u00e0 loisir, pour ceux qui ne le connaissaient pas, plonger dans le bel hommage du Monde qui annon\u00e7ait sa disparition.<\/p>\n<p><a href=\"http:\/\/www.lemonde.fr\/disparitions\/article\/2017\/03\/23\/mort-de-j-p-gene-critique-gastronomique-du-monde-depuis-2004_5099790_3382.html#vdHBsFMHC70FzCSC.99\" rel=\"noopener\" target=\"_blank\">L&rsquo;article du Monde dat\u00e9 du 3 mars 2017.<\/a><\/p>\n<p><img decoding=\"async\" loading=\"lazy\" src=\"http:\/\/minimiam.com\/wp-content\/uploads\/2018\/03\/diplomatie-gastronomie-585x439.jpg\" alt=\"\" width=\"585\" height=\"439\" class=\"alignnone size-medium wp-image-3445\" srcset=\"https:\/\/minimiam.com\/wp-content\/uploads\/2018\/03\/diplomatie-gastronomie-585x439.jpg 585w, https:\/\/minimiam.com\/wp-content\/uploads\/2018\/03\/diplomatie-gastronomie-768x577.jpg 768w, https:\/\/minimiam.com\/wp-content\/uploads\/2018\/03\/diplomatie-gastronomie-1204x904.jpg 1204w, https:\/\/minimiam.com\/wp-content\/uploads\/2018\/03\/diplomatie-gastronomie-265x199.jpg 265w, https:\/\/minimiam.com\/wp-content\/uploads\/2018\/03\/diplomatie-gastronomie-432x324.jpg 432w, https:\/\/minimiam.com\/wp-content\/uploads\/2018\/03\/diplomatie-gastronomie.jpg 1400w\" sizes=\"(max-width: 585px) 100vw, 585px\" \/><br \/>\n(Hommage \u00e0 Andr\u00e9 Kertesz.)<br \/>\n<\/p>","protected":false},"excerpt":{"rendered":"<p>C&rsquo;est une image qui n&rsquo;est jamais parue car la chronique qu&rsquo;elle aurait due illustr\u00e9e n&rsquo;est jamais parue, et pour cause&#8230; L&rsquo;image devait souligner un article sur la gastronomie et la diplomatie de Jean-Paul G\u00e9n\u00e9raux, alias J-P G\u00e9n\u00e9 qui mourut voici un an suite \u00e0 une grave maladie qu&rsquo;il trainait depuis plusieurs ann\u00e9es. Un homme de [&hellip;]<\/p>\n","protected":false},"author":4,"featured_media":0,"comment_status":"closed","ping_status":"closed","sticky":false,"template":"","format":"standard","meta":[],"categories":[46,45],"tags":[],"acf":[],"yoast_head":"<!-- This site is optimized with the Yoast SEO plugin v20.8 - https:\/\/yoast.com\/wordpress\/plugins\/seo\/ -->\n<title>J-P G\u00e9n\u00e9. &bull; Minimiam<\/title>\n<meta name=\"robots\" content=\"index, follow, max-snippet:-1, max-image-preview:large, max-video-preview:-1\" \/>\n<link rel=\"canonical\" href=\"https:\/\/minimiam.com\/fr\/j-p-gene\/\" \/>\n<meta property=\"og:locale\" content=\"fr_FR\" \/>\n<meta property=\"og:type\" content=\"article\" \/>\n<meta property=\"og:title\" content=\"J-P G\u00e9n\u00e9. &bull; Minimiam\" \/>\n<meta property=\"og:description\" content=\"C&rsquo;est une image qui n&rsquo;est jamais parue car la chronique qu&rsquo;elle aurait due illustr\u00e9e n&rsquo;est jamais parue, et pour cause&#8230; L&rsquo;image devait souligner un article sur la gastronomie et la diplomatie de Jean-Paul G\u00e9n\u00e9raux, alias J-P G\u00e9n\u00e9 qui mourut voici un an suite \u00e0 une grave maladie qu&rsquo;il trainait depuis plusieurs ann\u00e9es. Un homme de [&hellip;]\" \/>\n<meta property=\"og:url\" content=\"https:\/\/minimiam.com\/fr\/j-p-gene\/\" \/>\n<meta property=\"og:site_name\" content=\"Minimiam\" \/>\n<meta property=\"article:publisher\" content=\"https:\/\/www.facebook.com\/mosnedesign\" \/>\n<meta property=\"article:published_time\" content=\"2018-03-23T12:22:44+00:00\" \/>\n<meta property=\"article:modified_time\" content=\"2018-02-23T14:50:05+00:00\" \/>\n<meta property=\"og:image\" content=\"http:\/\/minimiam.com\/wp-content\/uploads\/2018\/03\/diplomatie-croquis-blog-585x434.jpg\" \/>\n<meta name=\"author\" content=\"pierre\" \/>\n<meta name=\"twitter:card\" content=\"summary_large_image\" \/>\n<meta name=\"twitter:creator\" content=\"@mosne\" \/>\n<meta name=\"twitter:site\" content=\"@mosne\" \/>\n<meta name=\"twitter:label1\" content=\"\u00c9crit par\" \/>\n\t<meta name=\"twitter:data1\" content=\"pierre\" \/>\n\t<meta name=\"twitter:label2\" content=\"Dur\u00e9e de lecture estim\u00e9e\" \/>\n\t<meta name=\"twitter:data2\" content=\"1 minute\" \/>\n<script type=\"application\/ld+json\" class=\"yoast-schema-graph\">{\"@context\":\"https:\/\/schema.org\",\"@graph\":[{\"@type\":\"WebPage\",\"@id\":\"https:\/\/minimiam.com\/fr\/j-p-gene\/\",\"url\":\"https:\/\/minimiam.com\/fr\/j-p-gene\/\",\"name\":\"J-P G\u00e9n\u00e9. &bull; Minimiam\",\"isPartOf\":{\"@id\":\"https:\/\/minimiam.com\/fr\/#website\"},\"datePublished\":\"2018-03-23T12:22:44+00:00\",\"dateModified\":\"2018-02-23T14:50:05+00:00\",\"author\":{\"@id\":\"https:\/\/minimiam.com\/#\/schema\/person\/53720a067b4d6fe559008d827a584c1f\"},\"breadcrumb\":{\"@id\":\"https:\/\/minimiam.com\/fr\/j-p-gene\/#breadcrumb\"},\"inLanguage\":\"fr-FR\",\"potentialAction\":[{\"@type\":\"ReadAction\",\"target\":[[\"https:\/\/minimiam.com\/fr\/j-p-gene\/\"]]}]},{\"@type\":\"BreadcrumbList\",\"@id\":\"https:\/\/minimiam.com\/fr\/j-p-gene\/#breadcrumb\",\"itemListElement\":[{\"@type\":\"ListItem\",\"position\":1,\"name\":\"Home\",\"item\":\"https:\/\/minimiam.com\/fr\/\"},{\"@type\":\"ListItem\",\"position\":2,\"name\":\"J-P G\u00e9n\u00e9.\"}]},{\"@type\":\"WebSite\",\"@id\":\"https:\/\/minimiam.com\/fr\/#website\",\"url\":\"https:\/\/minimiam.com\/fr\/\",\"name\":\"Minimiam\",\"description\":\"Pierre et Akiko\",\"potentialAction\":[{\"@type\":\"SearchAction\",\"target\":{\"@type\":\"EntryPoint\",\"urlTemplate\":\"https:\/\/minimiam.com\/fr\/?s={search_term_string}\"},\"query-input\":\"required name=search_term_string\"}],\"inLanguage\":\"fr-FR\"},{\"@type\":\"Person\",\"@id\":\"https:\/\/minimiam.com\/#\/schema\/person\/53720a067b4d6fe559008d827a584c1f\",\"name\":\"pierre\",\"image\":{\"@type\":\"ImageObject\",\"inLanguage\":\"fr-FR\",\"@id\":\"https:\/\/minimiam.com\/fr\/#\/schema\/person\/image\/\",\"url\":\"https:\/\/secure.gravatar.com\/avatar\/502c3331723458028a7fab5bdbb0e0c5?s=96&d=mm&r=g\",\"contentUrl\":\"https:\/\/secure.gravatar.com\/avatar\/502c3331723458028a7fab5bdbb0e0c5?s=96&d=mm&r=g\",\"caption\":\"pierre\"}}]}<\/script>\n<!-- \/ Yoast SEO plugin. -->","yoast_head_json":{"title":"J-P G\u00e9n\u00e9. &bull; Minimiam","robots":{"index":"index","follow":"follow","max-snippet":"max-snippet:-1","max-image-preview":"max-image-preview:large","max-video-preview":"max-video-preview:-1"},"canonical":"https:\/\/minimiam.com\/fr\/j-p-gene\/","og_locale":"fr_FR","og_type":"article","og_title":"J-P G\u00e9n\u00e9. &bull; Minimiam","og_description":"C&rsquo;est une image qui n&rsquo;est jamais parue car la chronique qu&rsquo;elle aurait due illustr\u00e9e n&rsquo;est jamais parue, et pour cause&#8230; L&rsquo;image devait souligner un article sur la gastronomie et la diplomatie de Jean-Paul G\u00e9n\u00e9raux, alias J-P G\u00e9n\u00e9 qui mourut voici un an suite \u00e0 une grave maladie qu&rsquo;il trainait depuis plusieurs ann\u00e9es. Un homme de [&hellip;]","og_url":"https:\/\/minimiam.com\/fr\/j-p-gene\/","og_site_name":"Minimiam","article_publisher":"https:\/\/www.facebook.com\/mosnedesign","article_published_time":"2018-03-23T12:22:44+00:00","article_modified_time":"2018-02-23T14:50:05+00:00","og_image":[{"url":"http:\/\/minimiam.com\/wp-content\/uploads\/2018\/03\/diplomatie-croquis-blog-585x434.jpg"}],"author":"pierre","twitter_card":"summary_large_image","twitter_creator":"@mosne","twitter_site":"@mosne","twitter_misc":{"\u00c9crit par":"pierre","Dur\u00e9e de lecture estim\u00e9e":"1 minute"},"schema":{"@context":"https:\/\/schema.org","@graph":[{"@type":"WebPage","@id":"https:\/\/minimiam.com\/fr\/j-p-gene\/","url":"https:\/\/minimiam.com\/fr\/j-p-gene\/","name":"J-P G\u00e9n\u00e9. &bull; Minimiam","isPartOf":{"@id":"https:\/\/minimiam.com\/fr\/#website"},"datePublished":"2018-03-23T12:22:44+00:00","dateModified":"2018-02-23T14:50:05+00:00","author":{"@id":"https:\/\/minimiam.com\/#\/schema\/person\/53720a067b4d6fe559008d827a584c1f"},"breadcrumb":{"@id":"https:\/\/minimiam.com\/fr\/j-p-gene\/#breadcrumb"},"inLanguage":"fr-FR","potentialAction":[{"@type":"ReadAction","target":[["https:\/\/minimiam.com\/fr\/j-p-gene\/"]]}]},{"@type":"BreadcrumbList","@id":"https:\/\/minimiam.com\/fr\/j-p-gene\/#breadcrumb","itemListElement":[{"@type":"ListItem","position":1,"name":"Home","item":"https:\/\/minimiam.com\/fr\/"},{"@type":"ListItem","position":2,"name":"J-P G\u00e9n\u00e9."}]},{"@type":"WebSite","@id":"https:\/\/minimiam.com\/fr\/#website","url":"https:\/\/minimiam.com\/fr\/","name":"Minimiam","description":"Pierre et Akiko","potentialAction":[{"@type":"SearchAction","target":{"@type":"EntryPoint","urlTemplate":"https:\/\/minimiam.com\/fr\/?s={search_term_string}"},"query-input":"required name=search_term_string"}],"inLanguage":"fr-FR"},{"@type":"Person","@id":"https:\/\/minimiam.com\/#\/schema\/person\/53720a067b4d6fe559008d827a584c1f","name":"pierre","image":{"@type":"ImageObject","inLanguage":"fr-FR","@id":"https:\/\/minimiam.com\/fr\/#\/schema\/person\/image\/","url":"https:\/\/secure.gravatar.com\/avatar\/502c3331723458028a7fab5bdbb0e0c5?s=96&d=mm&r=g","contentUrl":"https:\/\/secure.gravatar.com\/avatar\/502c3331723458028a7fab5bdbb0e0c5?s=96&d=mm&r=g","caption":"pierre"}}]}},"_links":{"self":[{"href":"https:\/\/minimiam.com\/fr\/wp-json\/wp\/v2\/posts\/3443"}],"collection":[{"href":"https:\/\/minimiam.com\/fr\/wp-json\/wp\/v2\/posts"}],"about":[{"href":"https:\/\/minimiam.com\/fr\/wp-json\/wp\/v2\/types\/post"}],"author":[{"embeddable":true,"href":"https:\/\/minimiam.com\/fr\/wp-json\/wp\/v2\/users\/4"}],"replies":[{"embeddable":true,"href":"https:\/\/minimiam.com\/fr\/wp-json\/wp\/v2\/comments?post=3443"}],"version-history":[{"count":10,"href":"https:\/\/minimiam.com\/fr\/wp-json\/wp\/v2\/posts\/3443\/revisions"}],"predecessor-version":[{"id":3563,"href":"https:\/\/minimiam.com\/fr\/wp-json\/wp\/v2\/posts\/3443\/revisions\/3563"}],"wp:attachment":[{"href":"https:\/\/minimiam.com\/fr\/wp-json\/wp\/v2\/media?parent=3443"}],"wp:term":[{"taxonomy":"category","embeddable":true,"href":"https:\/\/minimiam.com\/fr\/wp-json\/wp\/v2\/categories?post=3443"},{"taxonomy":"post_tag","embeddable":true,"href":"https:\/\/minimiam.com\/fr\/wp-json\/wp\/v2\/tags?post=3443"}],"curies":[{"name":"wp","href":"https:\/\/api.w.org\/{rel}","templated":true}]}}