{"id":569,"date":"2006-01-29T14:40:54","date_gmt":"2006-01-29T14:40:54","guid":{"rendered":"http:\/\/news.mosne.it\/?p=30"},"modified":"2006-01-29T14:40:54","modified_gmt":"2006-01-29T14:40:54","slug":"travailler-le-dimanche-2","status":"publish","type":"post","link":"https:\/\/minimiam.com\/fr\/travailler-le-dimanche-2\/","title":{"rendered":"Travailler le dimanche"},"content":{"rendered":"<p>Les d\u00e9lais sont tr\u00e8s courts, et nous devons commencer les prises de vue un dimanche pour rentrer dans les d\u00e9lais. Heureusement, les deux premiers intervenant, Camille Lesecq (le p\u00e2tissier) et Jeremy Morin (le second de Yannick All\u00e9no et futur chef de l&rsquo;Acad\u00e9mie.),sont disponibles et d&rsquo;une grande patience. De plus ils viennent avec les croissants&nbsp;! C&rsquo;est impressionnant la d\u00e9contraction avec laquelle ils \u00e9laborent leurs plats. Leurs pr\u00e9cisions sont chirurgicales, de grands artistes, et pourtant si simples. Merci \u00e0\u00a0 eux deux pour ces deux cours de maitrise culinaire.<\/p>\n<p><img decoding=\"async\" src=\"\/images\/camille-lesecq.jpg\" alt=\"\" \/><\/p>\n<p>Camille et sa cr\u00e9ation.<\/p>\n","protected":false},"excerpt":{"rendered":"<p>Les d\u00e9lais sont tr\u00e8s courts, et nous devons commencer les prises de vue un dimanche pour rentrer dans les d\u00e9lais. Heureusement, les deux premiers intervenant, Camille Lesecq (le p\u00e2tissier) et Jeremy Morin (le second de Yannick All\u00e9no et futur chef de l&rsquo;Acad\u00e9mie.),sont disponibles et d&rsquo;une grande patience. De plus ils viennent avec les croissants&nbsp;! C&rsquo;est [&hellip;]<\/p>\n","protected":false},"author":1,"featured_media":0,"comment_status":"closed","ping_status":"open","sticky":false,"template":"","format":"standard","meta":[],"categories":[41],"tags":[],"acf":[],"yoast_head":"<!-- This site is optimized with the Yoast SEO plugin v20.8 - https:\/\/yoast.com\/wordpress\/plugins\/seo\/ -->\n<title>Travailler le dimanche &bull; Minimiam<\/title>\n<meta name=\"robots\" content=\"index, follow, max-snippet:-1, max-image-preview:large, max-video-preview:-1\" \/>\n<link rel=\"canonical\" href=\"https:\/\/minimiam.com\/fr\/travailler-le-dimanche-2\/\" \/>\n<meta property=\"og:locale\" content=\"fr_FR\" \/>\n<meta property=\"og:type\" content=\"article\" \/>\n<meta property=\"og:title\" content=\"Travailler le dimanche &bull; Minimiam\" \/>\n<meta property=\"og:description\" content=\"Les d\u00e9lais sont tr\u00e8s courts, et nous devons commencer les prises de vue un dimanche pour rentrer dans les d\u00e9lais. Heureusement, les deux premiers intervenant, Camille Lesecq (le p\u00e2tissier) et Jeremy Morin (le second de Yannick All\u00e9no et futur chef de l&rsquo;Acad\u00e9mie.),sont disponibles et d&rsquo;une grande patience. De plus ils viennent avec les croissants&nbsp;! C&rsquo;est [&hellip;]\" \/>\n<meta property=\"og:url\" content=\"https:\/\/minimiam.com\/fr\/travailler-le-dimanche-2\/\" \/>\n<meta property=\"og:site_name\" content=\"Minimiam\" \/>\n<meta property=\"article:publisher\" content=\"https:\/\/www.facebook.com\/mosnedesign\" \/>\n<meta property=\"article:published_time\" content=\"2006-01-29T14:40:54+00:00\" \/>\n<meta name=\"author\" content=\"admin_mm\" \/>\n<meta name=\"twitter:card\" content=\"summary_large_image\" \/>\n<meta name=\"twitter:creator\" content=\"@mosne\" \/>\n<meta name=\"twitter:site\" content=\"@mosne\" \/>\n<meta name=\"twitter:label1\" content=\"\u00c9crit par\" \/>\n\t<meta name=\"twitter:data1\" content=\"admin_mm\" \/>\n\t<meta name=\"twitter:label2\" content=\"Dur\u00e9e de lecture estim\u00e9e\" \/>\n\t<meta name=\"twitter:data2\" content=\"1 minute\" \/>\n<script type=\"application\/ld+json\" class=\"yoast-schema-graph\">{\"@context\":\"https:\/\/schema.org\",\"@graph\":[{\"@type\":\"WebPage\",\"@id\":\"https:\/\/minimiam.com\/fr\/travailler-le-dimanche-2\/\",\"url\":\"https:\/\/minimiam.com\/fr\/travailler-le-dimanche-2\/\",\"name\":\"Travailler le dimanche &bull; Minimiam\",\"isPartOf\":{\"@id\":\"https:\/\/minimiam.com\/fr\/#website\"},\"datePublished\":\"2006-01-29T14:40:54+00:00\",\"dateModified\":\"2006-01-29T14:40:54+00:00\",\"author\":{\"@id\":\"https:\/\/minimiam.com\/#\/schema\/person\/51af5ec5d8729be28771b22e821d7761\"},\"breadcrumb\":{\"@id\":\"https:\/\/minimiam.com\/fr\/travailler-le-dimanche-2\/#breadcrumb\"},\"inLanguage\":\"fr-FR\",\"potentialAction\":[{\"@type\":\"ReadAction\",\"target\":[[\"https:\/\/minimiam.com\/fr\/travailler-le-dimanche-2\/\"]]}]},{\"@type\":\"BreadcrumbList\",\"@id\":\"https:\/\/minimiam.com\/fr\/travailler-le-dimanche-2\/#breadcrumb\",\"itemListElement\":[{\"@type\":\"ListItem\",\"position\":1,\"name\":\"Home\",\"item\":\"https:\/\/minimiam.com\/fr\/\"},{\"@type\":\"ListItem\",\"position\":2,\"name\":\"Travailler le dimanche\"}]},{\"@type\":\"WebSite\",\"@id\":\"https:\/\/minimiam.com\/fr\/#website\",\"url\":\"https:\/\/minimiam.com\/fr\/\",\"name\":\"Minimiam\",\"description\":\"Pierre et Akiko\",\"potentialAction\":[{\"@type\":\"SearchAction\",\"target\":{\"@type\":\"EntryPoint\",\"urlTemplate\":\"https:\/\/minimiam.com\/fr\/?s={search_term_string}\"},\"query-input\":\"required name=search_term_string\"}],\"inLanguage\":\"fr-FR\"},{\"@type\":\"Person\",\"@id\":\"https:\/\/minimiam.com\/#\/schema\/person\/51af5ec5d8729be28771b22e821d7761\",\"name\":\"admin_mm\",\"image\":{\"@type\":\"ImageObject\",\"inLanguage\":\"fr-FR\",\"@id\":\"https:\/\/minimiam.com\/fr\/#\/schema\/person\/image\/\",\"url\":\"https:\/\/secure.gravatar.com\/avatar\/65087dddee9f68f0f1770463fc8d503e?s=96&d=mm&r=g\",\"contentUrl\":\"https:\/\/secure.gravatar.com\/avatar\/65087dddee9f68f0f1770463fc8d503e?s=96&d=mm&r=g\",\"caption\":\"admin_mm\"}}]}<\/script>\n<!-- \/ Yoast SEO plugin. -->","yoast_head_json":{"title":"Travailler le dimanche &bull; Minimiam","robots":{"index":"index","follow":"follow","max-snippet":"max-snippet:-1","max-image-preview":"max-image-preview:large","max-video-preview":"max-video-preview:-1"},"canonical":"https:\/\/minimiam.com\/fr\/travailler-le-dimanche-2\/","og_locale":"fr_FR","og_type":"article","og_title":"Travailler le dimanche &bull; Minimiam","og_description":"Les d\u00e9lais sont tr\u00e8s courts, et nous devons commencer les prises de vue un dimanche pour rentrer dans les d\u00e9lais. Heureusement, les deux premiers intervenant, Camille Lesecq (le p\u00e2tissier) et Jeremy Morin (le second de Yannick All\u00e9no et futur chef de l&rsquo;Acad\u00e9mie.),sont disponibles et d&rsquo;une grande patience. De plus ils viennent avec les croissants&nbsp;! C&rsquo;est [&hellip;]","og_url":"https:\/\/minimiam.com\/fr\/travailler-le-dimanche-2\/","og_site_name":"Minimiam","article_publisher":"https:\/\/www.facebook.com\/mosnedesign","article_published_time":"2006-01-29T14:40:54+00:00","author":"admin_mm","twitter_card":"summary_large_image","twitter_creator":"@mosne","twitter_site":"@mosne","twitter_misc":{"\u00c9crit par":"admin_mm","Dur\u00e9e de lecture estim\u00e9e":"1 minute"},"schema":{"@context":"https:\/\/schema.org","@graph":[{"@type":"WebPage","@id":"https:\/\/minimiam.com\/fr\/travailler-le-dimanche-2\/","url":"https:\/\/minimiam.com\/fr\/travailler-le-dimanche-2\/","name":"Travailler le dimanche &bull; Minimiam","isPartOf":{"@id":"https:\/\/minimiam.com\/fr\/#website"},"datePublished":"2006-01-29T14:40:54+00:00","dateModified":"2006-01-29T14:40:54+00:00","author":{"@id":"https:\/\/minimiam.com\/#\/schema\/person\/51af5ec5d8729be28771b22e821d7761"},"breadcrumb":{"@id":"https:\/\/minimiam.com\/fr\/travailler-le-dimanche-2\/#breadcrumb"},"inLanguage":"fr-FR","potentialAction":[{"@type":"ReadAction","target":[["https:\/\/minimiam.com\/fr\/travailler-le-dimanche-2\/"]]}]},{"@type":"BreadcrumbList","@id":"https:\/\/minimiam.com\/fr\/travailler-le-dimanche-2\/#breadcrumb","itemListElement":[{"@type":"ListItem","position":1,"name":"Home","item":"https:\/\/minimiam.com\/fr\/"},{"@type":"ListItem","position":2,"name":"Travailler le dimanche"}]},{"@type":"WebSite","@id":"https:\/\/minimiam.com\/fr\/#website","url":"https:\/\/minimiam.com\/fr\/","name":"Minimiam","description":"Pierre et Akiko","potentialAction":[{"@type":"SearchAction","target":{"@type":"EntryPoint","urlTemplate":"https:\/\/minimiam.com\/fr\/?s={search_term_string}"},"query-input":"required name=search_term_string"}],"inLanguage":"fr-FR"},{"@type":"Person","@id":"https:\/\/minimiam.com\/#\/schema\/person\/51af5ec5d8729be28771b22e821d7761","name":"admin_mm","image":{"@type":"ImageObject","inLanguage":"fr-FR","@id":"https:\/\/minimiam.com\/fr\/#\/schema\/person\/image\/","url":"https:\/\/secure.gravatar.com\/avatar\/65087dddee9f68f0f1770463fc8d503e?s=96&d=mm&r=g","contentUrl":"https:\/\/secure.gravatar.com\/avatar\/65087dddee9f68f0f1770463fc8d503e?s=96&d=mm&r=g","caption":"admin_mm"}}]}},"_links":{"self":[{"href":"https:\/\/minimiam.com\/fr\/wp-json\/wp\/v2\/posts\/569"}],"collection":[{"href":"https:\/\/minimiam.com\/fr\/wp-json\/wp\/v2\/posts"}],"about":[{"href":"https:\/\/minimiam.com\/fr\/wp-json\/wp\/v2\/types\/post"}],"author":[{"embeddable":true,"href":"https:\/\/minimiam.com\/fr\/wp-json\/wp\/v2\/users\/1"}],"replies":[{"embeddable":true,"href":"https:\/\/minimiam.com\/fr\/wp-json\/wp\/v2\/comments?post=569"}],"version-history":[{"count":0,"href":"https:\/\/minimiam.com\/fr\/wp-json\/wp\/v2\/posts\/569\/revisions"}],"wp:attachment":[{"href":"https:\/\/minimiam.com\/fr\/wp-json\/wp\/v2\/media?parent=569"}],"wp:term":[{"taxonomy":"category","embeddable":true,"href":"https:\/\/minimiam.com\/fr\/wp-json\/wp\/v2\/categories?post=569"},{"taxonomy":"post_tag","embeddable":true,"href":"https:\/\/minimiam.com\/fr\/wp-json\/wp\/v2\/tags?post=569"}],"curies":[{"name":"wp","href":"https:\/\/api.w.org\/{rel}","templated":true}]}}