{"id":574,"date":"2006-05-06T18:35:23","date_gmt":"2006-05-06T18:35:23","guid":{"rendered":"http:\/\/news.mosne.it\/?p=10"},"modified":"2006-05-06T18:35:23","modified_gmt":"2006-05-06T18:35:23","slug":"qu-est-ce-qu-on-mange-eat-art","status":"publish","type":"post","link":"https:\/\/minimiam.com\/fr\/qu-est-ce-qu-on-mange-eat-art\/","title":{"rendered":"Qu&#039;est-ce qu&#039;on mange? Eat Art."},"content":{"rendered":"<p>La Galerie Fraich&rsquo;Attitude nous \u00e0  encore convi\u00e9e gentiment \u00e0  une exposition o\u00e0\u00b9 vous pourrez voir Les Intrus, Le Pr\u00e9dateur et Peinture Fraiche. Mais vous verrez surtout Doroth\u00e9e Zelz, Daniel Spoeri, Martine Camilli\u00e9ri, Marion Chatelain, Lian Waiche &amp; Fabrice Viegas, et les fameux Mimi Oka &amp; Doug Fitch. Que du beau monde quoi! 15 square de vergennes 75015 paris Vernissage le jeudi 11 mai, de 17h \u00e0  21h autour d&rsquo;un cornet de fraises\u00a0\u00bb\u00a6<\/p>\n<p><img decoding=\"async\" src=\"\/images\/vernissageweb.jpg\" alt=\"\" \/><\/p>\n","protected":false},"excerpt":{"rendered":"<p>La Galerie Fraich&rsquo;Attitude nous \u00e0 encore convi\u00e9e gentiment \u00e0 une exposition o\u00e0\u00b9 vous pourrez voir Les Intrus, Le Pr\u00e9dateur et Peinture Fraiche. Mais vous verrez surtout Doroth\u00e9e Zelz, Daniel Spoeri, Martine Camilli\u00e9ri, Marion Chatelain, Lian Waiche &amp; Fabrice Viegas, et les fameux Mimi Oka &amp; Doug Fitch. Que du beau monde quoi! 15 square de [&hellip;]<\/p>\n","protected":false},"author":1,"featured_media":0,"comment_status":"closed","ping_status":"open","sticky":false,"template":"","format":"standard","meta":[],"categories":[43],"tags":[],"acf":[],"yoast_head":"<!-- This site is optimized with the Yoast SEO plugin v20.8 - https:\/\/yoast.com\/wordpress\/plugins\/seo\/ -->\n<title>Qu&#039;est-ce qu&#039;on mange? Eat Art. &bull; Minimiam<\/title>\n<meta name=\"robots\" content=\"index, follow, max-snippet:-1, max-image-preview:large, max-video-preview:-1\" \/>\n<link rel=\"canonical\" href=\"https:\/\/minimiam.com\/fr\/qu-est-ce-qu-on-mange-eat-art\/\" \/>\n<meta property=\"og:locale\" content=\"fr_FR\" \/>\n<meta property=\"og:type\" content=\"article\" \/>\n<meta property=\"og:title\" content=\"Qu&#039;est-ce qu&#039;on mange? Eat Art. &bull; Minimiam\" \/>\n<meta property=\"og:description\" content=\"La Galerie Fraich&rsquo;Attitude nous \u00e0 encore convi\u00e9e gentiment \u00e0 une exposition o\u00e0\u00b9 vous pourrez voir Les Intrus, Le Pr\u00e9dateur et Peinture Fraiche. Mais vous verrez surtout Doroth\u00e9e Zelz, Daniel Spoeri, Martine Camilli\u00e9ri, Marion Chatelain, Lian Waiche &amp; Fabrice Viegas, et les fameux Mimi Oka &amp; Doug Fitch. Que du beau monde quoi! 15 square de [&hellip;]\" \/>\n<meta property=\"og:url\" content=\"https:\/\/minimiam.com\/fr\/qu-est-ce-qu-on-mange-eat-art\/\" \/>\n<meta property=\"og:site_name\" content=\"Minimiam\" \/>\n<meta property=\"article:publisher\" content=\"https:\/\/www.facebook.com\/mosnedesign\" \/>\n<meta property=\"article:published_time\" content=\"2006-05-06T18:35:23+00:00\" \/>\n<meta name=\"author\" content=\"admin_mm\" \/>\n<meta name=\"twitter:card\" content=\"summary_large_image\" \/>\n<meta name=\"twitter:creator\" content=\"@mosne\" \/>\n<meta name=\"twitter:site\" content=\"@mosne\" \/>\n<meta name=\"twitter:label1\" content=\"\u00c9crit par\" \/>\n\t<meta name=\"twitter:data1\" content=\"admin_mm\" \/>\n<script type=\"application\/ld+json\" class=\"yoast-schema-graph\">{\"@context\":\"https:\/\/schema.org\",\"@graph\":[{\"@type\":\"WebPage\",\"@id\":\"https:\/\/minimiam.com\/fr\/qu-est-ce-qu-on-mange-eat-art\/\",\"url\":\"https:\/\/minimiam.com\/fr\/qu-est-ce-qu-on-mange-eat-art\/\",\"name\":\"Qu&#039;est-ce qu&#039;on mange? Eat Art. &bull; Minimiam\",\"isPartOf\":{\"@id\":\"https:\/\/minimiam.com\/fr\/#website\"},\"datePublished\":\"2006-05-06T18:35:23+00:00\",\"dateModified\":\"2006-05-06T18:35:23+00:00\",\"author\":{\"@id\":\"https:\/\/minimiam.com\/#\/schema\/person\/51af5ec5d8729be28771b22e821d7761\"},\"breadcrumb\":{\"@id\":\"https:\/\/minimiam.com\/fr\/qu-est-ce-qu-on-mange-eat-art\/#breadcrumb\"},\"inLanguage\":\"fr-FR\",\"potentialAction\":[{\"@type\":\"ReadAction\",\"target\":[[\"https:\/\/minimiam.com\/fr\/qu-est-ce-qu-on-mange-eat-art\/\"]]}]},{\"@type\":\"BreadcrumbList\",\"@id\":\"https:\/\/minimiam.com\/fr\/qu-est-ce-qu-on-mange-eat-art\/#breadcrumb\",\"itemListElement\":[{\"@type\":\"ListItem\",\"position\":1,\"name\":\"Home\",\"item\":\"https:\/\/minimiam.com\/fr\/\"},{\"@type\":\"ListItem\",\"position\":2,\"name\":\"Qu&#039;est-ce qu&#039;on mange? Eat Art.\"}]},{\"@type\":\"WebSite\",\"@id\":\"https:\/\/minimiam.com\/fr\/#website\",\"url\":\"https:\/\/minimiam.com\/fr\/\",\"name\":\"Minimiam\",\"description\":\"Pierre et Akiko\",\"potentialAction\":[{\"@type\":\"SearchAction\",\"target\":{\"@type\":\"EntryPoint\",\"urlTemplate\":\"https:\/\/minimiam.com\/fr\/?s={search_term_string}\"},\"query-input\":\"required name=search_term_string\"}],\"inLanguage\":\"fr-FR\"},{\"@type\":\"Person\",\"@id\":\"https:\/\/minimiam.com\/#\/schema\/person\/51af5ec5d8729be28771b22e821d7761\",\"name\":\"admin_mm\",\"image\":{\"@type\":\"ImageObject\",\"inLanguage\":\"fr-FR\",\"@id\":\"https:\/\/minimiam.com\/fr\/#\/schema\/person\/image\/\",\"url\":\"https:\/\/secure.gravatar.com\/avatar\/65087dddee9f68f0f1770463fc8d503e?s=96&d=mm&r=g\",\"contentUrl\":\"https:\/\/secure.gravatar.com\/avatar\/65087dddee9f68f0f1770463fc8d503e?s=96&d=mm&r=g\",\"caption\":\"admin_mm\"}}]}<\/script>\n<!-- \/ Yoast SEO plugin. -->","yoast_head_json":{"title":"Qu&#039;est-ce qu&#039;on mange? Eat Art. &bull; Minimiam","robots":{"index":"index","follow":"follow","max-snippet":"max-snippet:-1","max-image-preview":"max-image-preview:large","max-video-preview":"max-video-preview:-1"},"canonical":"https:\/\/minimiam.com\/fr\/qu-est-ce-qu-on-mange-eat-art\/","og_locale":"fr_FR","og_type":"article","og_title":"Qu&#039;est-ce qu&#039;on mange? Eat Art. &bull; Minimiam","og_description":"La Galerie Fraich&rsquo;Attitude nous \u00e0 encore convi\u00e9e gentiment \u00e0 une exposition o\u00e0\u00b9 vous pourrez voir Les Intrus, Le Pr\u00e9dateur et Peinture Fraiche. Mais vous verrez surtout Doroth\u00e9e Zelz, Daniel Spoeri, Martine Camilli\u00e9ri, Marion Chatelain, Lian Waiche &amp; Fabrice Viegas, et les fameux Mimi Oka &amp; Doug Fitch. Que du beau monde quoi! 15 square de [&hellip;]","og_url":"https:\/\/minimiam.com\/fr\/qu-est-ce-qu-on-mange-eat-art\/","og_site_name":"Minimiam","article_publisher":"https:\/\/www.facebook.com\/mosnedesign","article_published_time":"2006-05-06T18:35:23+00:00","author":"admin_mm","twitter_card":"summary_large_image","twitter_creator":"@mosne","twitter_site":"@mosne","twitter_misc":{"\u00c9crit par":"admin_mm"},"schema":{"@context":"https:\/\/schema.org","@graph":[{"@type":"WebPage","@id":"https:\/\/minimiam.com\/fr\/qu-est-ce-qu-on-mange-eat-art\/","url":"https:\/\/minimiam.com\/fr\/qu-est-ce-qu-on-mange-eat-art\/","name":"Qu&#039;est-ce qu&#039;on mange? Eat Art. &bull; Minimiam","isPartOf":{"@id":"https:\/\/minimiam.com\/fr\/#website"},"datePublished":"2006-05-06T18:35:23+00:00","dateModified":"2006-05-06T18:35:23+00:00","author":{"@id":"https:\/\/minimiam.com\/#\/schema\/person\/51af5ec5d8729be28771b22e821d7761"},"breadcrumb":{"@id":"https:\/\/minimiam.com\/fr\/qu-est-ce-qu-on-mange-eat-art\/#breadcrumb"},"inLanguage":"fr-FR","potentialAction":[{"@type":"ReadAction","target":[["https:\/\/minimiam.com\/fr\/qu-est-ce-qu-on-mange-eat-art\/"]]}]},{"@type":"BreadcrumbList","@id":"https:\/\/minimiam.com\/fr\/qu-est-ce-qu-on-mange-eat-art\/#breadcrumb","itemListElement":[{"@type":"ListItem","position":1,"name":"Home","item":"https:\/\/minimiam.com\/fr\/"},{"@type":"ListItem","position":2,"name":"Qu&#039;est-ce qu&#039;on mange? Eat Art."}]},{"@type":"WebSite","@id":"https:\/\/minimiam.com\/fr\/#website","url":"https:\/\/minimiam.com\/fr\/","name":"Minimiam","description":"Pierre et Akiko","potentialAction":[{"@type":"SearchAction","target":{"@type":"EntryPoint","urlTemplate":"https:\/\/minimiam.com\/fr\/?s={search_term_string}"},"query-input":"required name=search_term_string"}],"inLanguage":"fr-FR"},{"@type":"Person","@id":"https:\/\/minimiam.com\/#\/schema\/person\/51af5ec5d8729be28771b22e821d7761","name":"admin_mm","image":{"@type":"ImageObject","inLanguage":"fr-FR","@id":"https:\/\/minimiam.com\/fr\/#\/schema\/person\/image\/","url":"https:\/\/secure.gravatar.com\/avatar\/65087dddee9f68f0f1770463fc8d503e?s=96&d=mm&r=g","contentUrl":"https:\/\/secure.gravatar.com\/avatar\/65087dddee9f68f0f1770463fc8d503e?s=96&d=mm&r=g","caption":"admin_mm"}}]}},"_links":{"self":[{"href":"https:\/\/minimiam.com\/fr\/wp-json\/wp\/v2\/posts\/574"}],"collection":[{"href":"https:\/\/minimiam.com\/fr\/wp-json\/wp\/v2\/posts"}],"about":[{"href":"https:\/\/minimiam.com\/fr\/wp-json\/wp\/v2\/types\/post"}],"author":[{"embeddable":true,"href":"https:\/\/minimiam.com\/fr\/wp-json\/wp\/v2\/users\/1"}],"replies":[{"embeddable":true,"href":"https:\/\/minimiam.com\/fr\/wp-json\/wp\/v2\/comments?post=574"}],"version-history":[{"count":0,"href":"https:\/\/minimiam.com\/fr\/wp-json\/wp\/v2\/posts\/574\/revisions"}],"wp:attachment":[{"href":"https:\/\/minimiam.com\/fr\/wp-json\/wp\/v2\/media?parent=574"}],"wp:term":[{"taxonomy":"category","embeddable":true,"href":"https:\/\/minimiam.com\/fr\/wp-json\/wp\/v2\/categories?post=574"},{"taxonomy":"post_tag","embeddable":true,"href":"https:\/\/minimiam.com\/fr\/wp-json\/wp\/v2\/tags?post=574"}],"curies":[{"name":"wp","href":"https:\/\/api.w.org\/{rel}","templated":true}]}}