{"id":576,"date":"2006-02-21T23:25:52","date_gmt":"2006-02-21T23:25:52","guid":{"rendered":"http:\/\/news.mosne.it\/?p=15"},"modified":"2006-02-21T23:25:52","modified_gmt":"2006-02-21T23:25:52","slug":"tv-allemande","status":"publish","type":"post","link":"https:\/\/minimiam.com\/fr\/tv-allemande\/","title":{"rendered":"TV allemande."},"content":{"rendered":"<p>Une \u00e9quipe TV allemande d\u00e9barque chez nous. Ils passent la journ\u00e9e \u00e0  filmer une prise de vue en pr\u00e9sence de nos clients, double pression, mais si dr\u00f4le.<br \/>Seul le journaliste, et r\u00e9alisateur, du reportage, Franck, est allemand. J&rsquo;adore son accent anglais car j&rsquo;arrive \u00e0  mieux le comprendre qu&rsquo;un anglais natif m\u00eame si je r\u00e9ponds une fois sur deux \u00e0  c\u00f4t\u00e9 de ses questions! Greg le cadreur trimballe son \u00e9norme cam\u00e9ra dans notre petit studio avec plus ou moins de gr\u00e2ce, et Nicolas le preneur de son ne cesse de parler&nbsp;! <br \/>Merci \u00e0  tous les trois pour leurs gentillesses et leurs patiences. Le reportage sera diffus\u00e9 Le 22 mars dans le magazine Euromax.<\/p>\n","protected":false},"excerpt":{"rendered":"<p>Une \u00e9quipe TV allemande d\u00e9barque chez nous. Ils passent la journ\u00e9e \u00e0 filmer une prise de vue en pr\u00e9sence de nos clients, double pression, mais si dr\u00f4le.Seul le journaliste, et r\u00e9alisateur, du reportage, Franck, est allemand. J&rsquo;adore son accent anglais car j&rsquo;arrive \u00e0 mieux le comprendre qu&rsquo;un anglais natif m\u00eame si je r\u00e9ponds une fois [&hellip;]<\/p>\n","protected":false},"author":1,"featured_media":0,"comment_status":"closed","ping_status":"open","sticky":false,"template":"","format":"standard","meta":[],"categories":[42],"tags":[],"acf":[],"yoast_head":"<!-- This site is optimized with the Yoast SEO plugin v20.8 - https:\/\/yoast.com\/wordpress\/plugins\/seo\/ -->\n<title>TV allemande. &bull; Minimiam<\/title>\n<meta name=\"robots\" content=\"index, follow, max-snippet:-1, max-image-preview:large, max-video-preview:-1\" \/>\n<link rel=\"canonical\" href=\"https:\/\/minimiam.com\/fr\/tv-allemande\/\" \/>\n<meta property=\"og:locale\" content=\"fr_FR\" \/>\n<meta property=\"og:type\" content=\"article\" \/>\n<meta property=\"og:title\" content=\"TV allemande. &bull; Minimiam\" \/>\n<meta property=\"og:description\" content=\"Une \u00e9quipe TV allemande d\u00e9barque chez nous. Ils passent la journ\u00e9e \u00e0 filmer une prise de vue en pr\u00e9sence de nos clients, double pression, mais si dr\u00f4le.Seul le journaliste, et r\u00e9alisateur, du reportage, Franck, est allemand. J&rsquo;adore son accent anglais car j&rsquo;arrive \u00e0 mieux le comprendre qu&rsquo;un anglais natif m\u00eame si je r\u00e9ponds une fois [&hellip;]\" \/>\n<meta property=\"og:url\" content=\"https:\/\/minimiam.com\/fr\/tv-allemande\/\" \/>\n<meta property=\"og:site_name\" content=\"Minimiam\" \/>\n<meta property=\"article:publisher\" content=\"https:\/\/www.facebook.com\/mosnedesign\" \/>\n<meta property=\"article:published_time\" content=\"2006-02-21T23:25:52+00:00\" \/>\n<meta name=\"author\" content=\"admin_mm\" \/>\n<meta name=\"twitter:card\" content=\"summary_large_image\" \/>\n<meta name=\"twitter:creator\" content=\"@mosne\" \/>\n<meta name=\"twitter:site\" content=\"@mosne\" \/>\n<meta name=\"twitter:label1\" content=\"\u00c9crit par\" \/>\n\t<meta name=\"twitter:data1\" content=\"admin_mm\" \/>\n\t<meta name=\"twitter:label2\" content=\"Dur\u00e9e de lecture estim\u00e9e\" \/>\n\t<meta name=\"twitter:data2\" content=\"1 minute\" \/>\n<script type=\"application\/ld+json\" class=\"yoast-schema-graph\">{\"@context\":\"https:\/\/schema.org\",\"@graph\":[{\"@type\":\"WebPage\",\"@id\":\"https:\/\/minimiam.com\/fr\/tv-allemande\/\",\"url\":\"https:\/\/minimiam.com\/fr\/tv-allemande\/\",\"name\":\"TV allemande. &bull; Minimiam\",\"isPartOf\":{\"@id\":\"https:\/\/minimiam.com\/fr\/#website\"},\"datePublished\":\"2006-02-21T23:25:52+00:00\",\"dateModified\":\"2006-02-21T23:25:52+00:00\",\"author\":{\"@id\":\"https:\/\/minimiam.com\/#\/schema\/person\/51af5ec5d8729be28771b22e821d7761\"},\"breadcrumb\":{\"@id\":\"https:\/\/minimiam.com\/fr\/tv-allemande\/#breadcrumb\"},\"inLanguage\":\"fr-FR\",\"potentialAction\":[{\"@type\":\"ReadAction\",\"target\":[[\"https:\/\/minimiam.com\/fr\/tv-allemande\/\"]]}]},{\"@type\":\"BreadcrumbList\",\"@id\":\"https:\/\/minimiam.com\/fr\/tv-allemande\/#breadcrumb\",\"itemListElement\":[{\"@type\":\"ListItem\",\"position\":1,\"name\":\"Home\",\"item\":\"https:\/\/minimiam.com\/fr\/\"},{\"@type\":\"ListItem\",\"position\":2,\"name\":\"TV allemande.\"}]},{\"@type\":\"WebSite\",\"@id\":\"https:\/\/minimiam.com\/fr\/#website\",\"url\":\"https:\/\/minimiam.com\/fr\/\",\"name\":\"Minimiam\",\"description\":\"Pierre et Akiko\",\"potentialAction\":[{\"@type\":\"SearchAction\",\"target\":{\"@type\":\"EntryPoint\",\"urlTemplate\":\"https:\/\/minimiam.com\/fr\/?s={search_term_string}\"},\"query-input\":\"required name=search_term_string\"}],\"inLanguage\":\"fr-FR\"},{\"@type\":\"Person\",\"@id\":\"https:\/\/minimiam.com\/#\/schema\/person\/51af5ec5d8729be28771b22e821d7761\",\"name\":\"admin_mm\",\"image\":{\"@type\":\"ImageObject\",\"inLanguage\":\"fr-FR\",\"@id\":\"https:\/\/minimiam.com\/fr\/#\/schema\/person\/image\/\",\"url\":\"https:\/\/secure.gravatar.com\/avatar\/65087dddee9f68f0f1770463fc8d503e?s=96&d=mm&r=g\",\"contentUrl\":\"https:\/\/secure.gravatar.com\/avatar\/65087dddee9f68f0f1770463fc8d503e?s=96&d=mm&r=g\",\"caption\":\"admin_mm\"}}]}<\/script>\n<!-- \/ Yoast SEO plugin. -->","yoast_head_json":{"title":"TV allemande. &bull; Minimiam","robots":{"index":"index","follow":"follow","max-snippet":"max-snippet:-1","max-image-preview":"max-image-preview:large","max-video-preview":"max-video-preview:-1"},"canonical":"https:\/\/minimiam.com\/fr\/tv-allemande\/","og_locale":"fr_FR","og_type":"article","og_title":"TV allemande. &bull; Minimiam","og_description":"Une \u00e9quipe TV allemande d\u00e9barque chez nous. Ils passent la journ\u00e9e \u00e0 filmer une prise de vue en pr\u00e9sence de nos clients, double pression, mais si dr\u00f4le.Seul le journaliste, et r\u00e9alisateur, du reportage, Franck, est allemand. J&rsquo;adore son accent anglais car j&rsquo;arrive \u00e0 mieux le comprendre qu&rsquo;un anglais natif m\u00eame si je r\u00e9ponds une fois [&hellip;]","og_url":"https:\/\/minimiam.com\/fr\/tv-allemande\/","og_site_name":"Minimiam","article_publisher":"https:\/\/www.facebook.com\/mosnedesign","article_published_time":"2006-02-21T23:25:52+00:00","author":"admin_mm","twitter_card":"summary_large_image","twitter_creator":"@mosne","twitter_site":"@mosne","twitter_misc":{"\u00c9crit par":"admin_mm","Dur\u00e9e de lecture estim\u00e9e":"1 minute"},"schema":{"@context":"https:\/\/schema.org","@graph":[{"@type":"WebPage","@id":"https:\/\/minimiam.com\/fr\/tv-allemande\/","url":"https:\/\/minimiam.com\/fr\/tv-allemande\/","name":"TV allemande. &bull; Minimiam","isPartOf":{"@id":"https:\/\/minimiam.com\/fr\/#website"},"datePublished":"2006-02-21T23:25:52+00:00","dateModified":"2006-02-21T23:25:52+00:00","author":{"@id":"https:\/\/minimiam.com\/#\/schema\/person\/51af5ec5d8729be28771b22e821d7761"},"breadcrumb":{"@id":"https:\/\/minimiam.com\/fr\/tv-allemande\/#breadcrumb"},"inLanguage":"fr-FR","potentialAction":[{"@type":"ReadAction","target":[["https:\/\/minimiam.com\/fr\/tv-allemande\/"]]}]},{"@type":"BreadcrumbList","@id":"https:\/\/minimiam.com\/fr\/tv-allemande\/#breadcrumb","itemListElement":[{"@type":"ListItem","position":1,"name":"Home","item":"https:\/\/minimiam.com\/fr\/"},{"@type":"ListItem","position":2,"name":"TV allemande."}]},{"@type":"WebSite","@id":"https:\/\/minimiam.com\/fr\/#website","url":"https:\/\/minimiam.com\/fr\/","name":"Minimiam","description":"Pierre et Akiko","potentialAction":[{"@type":"SearchAction","target":{"@type":"EntryPoint","urlTemplate":"https:\/\/minimiam.com\/fr\/?s={search_term_string}"},"query-input":"required name=search_term_string"}],"inLanguage":"fr-FR"},{"@type":"Person","@id":"https:\/\/minimiam.com\/#\/schema\/person\/51af5ec5d8729be28771b22e821d7761","name":"admin_mm","image":{"@type":"ImageObject","inLanguage":"fr-FR","@id":"https:\/\/minimiam.com\/fr\/#\/schema\/person\/image\/","url":"https:\/\/secure.gravatar.com\/avatar\/65087dddee9f68f0f1770463fc8d503e?s=96&d=mm&r=g","contentUrl":"https:\/\/secure.gravatar.com\/avatar\/65087dddee9f68f0f1770463fc8d503e?s=96&d=mm&r=g","caption":"admin_mm"}}]}},"_links":{"self":[{"href":"https:\/\/minimiam.com\/fr\/wp-json\/wp\/v2\/posts\/576"}],"collection":[{"href":"https:\/\/minimiam.com\/fr\/wp-json\/wp\/v2\/posts"}],"about":[{"href":"https:\/\/minimiam.com\/fr\/wp-json\/wp\/v2\/types\/post"}],"author":[{"embeddable":true,"href":"https:\/\/minimiam.com\/fr\/wp-json\/wp\/v2\/users\/1"}],"replies":[{"embeddable":true,"href":"https:\/\/minimiam.com\/fr\/wp-json\/wp\/v2\/comments?post=576"}],"version-history":[{"count":0,"href":"https:\/\/minimiam.com\/fr\/wp-json\/wp\/v2\/posts\/576\/revisions"}],"wp:attachment":[{"href":"https:\/\/minimiam.com\/fr\/wp-json\/wp\/v2\/media?parent=576"}],"wp:term":[{"taxonomy":"category","embeddable":true,"href":"https:\/\/minimiam.com\/fr\/wp-json\/wp\/v2\/categories?post=576"},{"taxonomy":"post_tag","embeddable":true,"href":"https:\/\/minimiam.com\/fr\/wp-json\/wp\/v2\/tags?post=576"}],"curies":[{"name":"wp","href":"https:\/\/api.w.org\/{rel}","templated":true}]}}