{"id":591,"date":"2009-03-15T22:23:47","date_gmt":"2009-03-15T22:23:47","guid":{"rendered":"http:\/\/news.mosne.it\/?p=121"},"modified":"2009-03-15T22:23:47","modified_gmt":"2009-03-15T22:23:47","slug":"vernissage-de-lievin","status":"publish","type":"post","link":"https:\/\/minimiam.com\/fr\/vernissage-de-lievin\/","title":{"rendered":"Vernissage de Li\u00e9vin."},"content":{"rendered":"<p>Des photos, des d\u00e9tails, un film !<\/p>\n<p> 18h30, la salle est envahie ! Beaucoup de gens ont fait le d\u00e9placement, m\u00eame de Li\u00e8ge en Belgique. Les enfants commencent \u00e0 courir d\u2019installations en installations, surtout autour du Terril en sucre o\u00f9 ils sont emball\u00e9s par le petit train de mine qui tourne autour en passant dans des bo\u00eetes de sucres. Une cam\u00e9ra dissimul\u00e9e dans l\u2019une d\u2019elles film une sc\u00e9nette repr\u00e9sentant un Cow-boy draguant une \u00ab Cow-girl \u00bb, intitul\u00e9e : \u00ab Mais qui sauvera le sheriff ? \u00bb Un vid\u00e9o projecteur projette la sc\u00e8ne dans l\u2019entr\u00e9e de la galerie, le train \u00e0 l\u2019air \u00e9norme lorsqu\u2019il passe et obscurcie l\u2019image de sa silhouette.<br \/> Le stade de tennis tient bon face aux assauts de quelques garnements curieux qui n\u2019h\u00e9sitent pas une seule seconde \u00e0 mont\u00e9e sur l\u2019escalier fait pour eux en alv\u00e9oles \u00e0 \u0153ufs.<br \/> Au fond, les deux cents bouteilles ramen\u00e9es par Jimmy laissent insidieusement monter une odeur de cave, et personne ne remarque le motard de la gendarmerie post\u00e9 sur une bouteille de Bordeaux.<br \/> \u00c0 gauche, notre maintenant for\u00eat de champignon fonctionne toujours aussi bien, et tous les champignons restent en place jusqu\u2019\u00e0 la fin.<br \/> Ce fut un beau vernissage qui \u00e0 bien r\u00e9compens\u00e9 nos efforts pour rendre l\u2019expo attractive. Merci au centre Culturel pour le pr\u00eat des \u00e9clairages et du mat\u00e9riel vid\u00e9o. Grand merci \u00e0 Jo\u00ebl pour son exp\u00e9rience dans tous les domaines, \u00e0 Maria pour l\u2019\u00e9clairage, et Jimmy pour sa curiosit\u00e9, sa gentillesse et son engagement aupr\u00e8s des artistes et de la politique culturelle qu\u2019il met en \u0153uvre aupr\u00e8s des plus jeunes, mais aussi pour l\u2019ensemble de la communaut\u00e9 Li\u00e9vinoise (?). <\/p>\n<p> <img decoding=\"async\" src=\"\/images\/vernissage-lievin-composite.jpg\" alt=\"\" \/><\/p>\n<p> <object width=\"425\" height=\"344\"><param name=\"movie\" value=\"http:\/\/www.youtube.com\/v\/cG2lV0TT3Ss&#038;hl=fr&#038;fs=1\"><\/param><param name=\"allowFullScreen\" value=\"true\"><\/param><param name=\"allowscriptaccess\" value=\"always\"><\/param><embed src=\"http:\/\/www.youtube.com\/v\/cG2lV0TT3Ss&#038;hl=fr&#038;fs=1\" type=\"application\/x-shockwave-flash\" allowscriptaccess=\"always\" allowfullscreen=\"true\" width=\"425\" height=\"344\"><\/embed><\/object><br \/> Comme vous le remarquerez sur ces images, je ne suis pas tout \u00e0 fait \u00e0 l\u2019heure, mais cela fit une animation suppl\u00e9mentaire (bien stressante)<\/p>\n","protected":false},"excerpt":{"rendered":"<p>Des photos, des d\u00e9tails, un film ! 18h30, la salle est envahie ! Beaucoup de gens ont fait le d\u00e9placement, m\u00eame de Li\u00e8ge en Belgique. Les enfants commencent \u00e0 courir d\u2019installations en installations, surtout autour du Terril en sucre o\u00f9 ils sont emball\u00e9s par le petit train de mine qui tourne autour en passant dans [&hellip;]<\/p>\n","protected":false},"author":1,"featured_media":0,"comment_status":"closed","ping_status":"open","sticky":false,"template":"","format":"standard","meta":[],"categories":[43],"tags":[],"acf":[],"yoast_head":"<!-- This site is optimized with the Yoast SEO plugin v20.8 - https:\/\/yoast.com\/wordpress\/plugins\/seo\/ -->\n<title>Vernissage de Li\u00e9vin. &bull; Minimiam<\/title>\n<meta name=\"robots\" content=\"index, follow, max-snippet:-1, max-image-preview:large, max-video-preview:-1\" \/>\n<link rel=\"canonical\" href=\"https:\/\/minimiam.com\/fr\/vernissage-de-lievin\/\" \/>\n<meta property=\"og:locale\" content=\"fr_FR\" \/>\n<meta property=\"og:type\" content=\"article\" \/>\n<meta property=\"og:title\" content=\"Vernissage de Li\u00e9vin. &bull; Minimiam\" \/>\n<meta property=\"og:description\" content=\"Des photos, des d\u00e9tails, un film ! 18h30, la salle est envahie ! Beaucoup de gens ont fait le d\u00e9placement, m\u00eame de Li\u00e8ge en Belgique. Les enfants commencent \u00e0 courir d\u2019installations en installations, surtout autour du Terril en sucre o\u00f9 ils sont emball\u00e9s par le petit train de mine qui tourne autour en passant dans [&hellip;]\" \/>\n<meta property=\"og:url\" content=\"https:\/\/minimiam.com\/fr\/vernissage-de-lievin\/\" \/>\n<meta property=\"og:site_name\" content=\"Minimiam\" \/>\n<meta property=\"article:publisher\" content=\"https:\/\/www.facebook.com\/mosnedesign\" \/>\n<meta property=\"article:published_time\" content=\"2009-03-15T22:23:47+00:00\" \/>\n<meta name=\"author\" content=\"admin_mm\" \/>\n<meta name=\"twitter:card\" content=\"summary_large_image\" \/>\n<meta name=\"twitter:creator\" content=\"@mosne\" \/>\n<meta name=\"twitter:site\" content=\"@mosne\" \/>\n<meta name=\"twitter:label1\" content=\"\u00c9crit par\" \/>\n\t<meta name=\"twitter:data1\" content=\"admin_mm\" \/>\n\t<meta name=\"twitter:label2\" content=\"Dur\u00e9e de lecture estim\u00e9e\" \/>\n\t<meta name=\"twitter:data2\" content=\"2 minutes\" \/>\n<script type=\"application\/ld+json\" class=\"yoast-schema-graph\">{\"@context\":\"https:\/\/schema.org\",\"@graph\":[{\"@type\":\"WebPage\",\"@id\":\"https:\/\/minimiam.com\/fr\/vernissage-de-lievin\/\",\"url\":\"https:\/\/minimiam.com\/fr\/vernissage-de-lievin\/\",\"name\":\"Vernissage de Li\u00e9vin. &bull; Minimiam\",\"isPartOf\":{\"@id\":\"https:\/\/minimiam.com\/fr\/#website\"},\"datePublished\":\"2009-03-15T22:23:47+00:00\",\"dateModified\":\"2009-03-15T22:23:47+00:00\",\"author\":{\"@id\":\"https:\/\/minimiam.com\/#\/schema\/person\/51af5ec5d8729be28771b22e821d7761\"},\"breadcrumb\":{\"@id\":\"https:\/\/minimiam.com\/fr\/vernissage-de-lievin\/#breadcrumb\"},\"inLanguage\":\"fr-FR\",\"potentialAction\":[{\"@type\":\"ReadAction\",\"target\":[[\"https:\/\/minimiam.com\/fr\/vernissage-de-lievin\/\"]]}]},{\"@type\":\"BreadcrumbList\",\"@id\":\"https:\/\/minimiam.com\/fr\/vernissage-de-lievin\/#breadcrumb\",\"itemListElement\":[{\"@type\":\"ListItem\",\"position\":1,\"name\":\"Home\",\"item\":\"https:\/\/minimiam.com\/fr\/\"},{\"@type\":\"ListItem\",\"position\":2,\"name\":\"Vernissage de Li\u00e9vin.\"}]},{\"@type\":\"WebSite\",\"@id\":\"https:\/\/minimiam.com\/fr\/#website\",\"url\":\"https:\/\/minimiam.com\/fr\/\",\"name\":\"Minimiam\",\"description\":\"Pierre et Akiko\",\"potentialAction\":[{\"@type\":\"SearchAction\",\"target\":{\"@type\":\"EntryPoint\",\"urlTemplate\":\"https:\/\/minimiam.com\/fr\/?s={search_term_string}\"},\"query-input\":\"required name=search_term_string\"}],\"inLanguage\":\"fr-FR\"},{\"@type\":\"Person\",\"@id\":\"https:\/\/minimiam.com\/#\/schema\/person\/51af5ec5d8729be28771b22e821d7761\",\"name\":\"admin_mm\",\"image\":{\"@type\":\"ImageObject\",\"inLanguage\":\"fr-FR\",\"@id\":\"https:\/\/minimiam.com\/fr\/#\/schema\/person\/image\/\",\"url\":\"https:\/\/secure.gravatar.com\/avatar\/65087dddee9f68f0f1770463fc8d503e?s=96&d=mm&r=g\",\"contentUrl\":\"https:\/\/secure.gravatar.com\/avatar\/65087dddee9f68f0f1770463fc8d503e?s=96&d=mm&r=g\",\"caption\":\"admin_mm\"}}]}<\/script>\n<!-- \/ Yoast SEO plugin. -->","yoast_head_json":{"title":"Vernissage de Li\u00e9vin. &bull; Minimiam","robots":{"index":"index","follow":"follow","max-snippet":"max-snippet:-1","max-image-preview":"max-image-preview:large","max-video-preview":"max-video-preview:-1"},"canonical":"https:\/\/minimiam.com\/fr\/vernissage-de-lievin\/","og_locale":"fr_FR","og_type":"article","og_title":"Vernissage de Li\u00e9vin. &bull; Minimiam","og_description":"Des photos, des d\u00e9tails, un film ! 18h30, la salle est envahie ! Beaucoup de gens ont fait le d\u00e9placement, m\u00eame de Li\u00e8ge en Belgique. Les enfants commencent \u00e0 courir d\u2019installations en installations, surtout autour du Terril en sucre o\u00f9 ils sont emball\u00e9s par le petit train de mine qui tourne autour en passant dans [&hellip;]","og_url":"https:\/\/minimiam.com\/fr\/vernissage-de-lievin\/","og_site_name":"Minimiam","article_publisher":"https:\/\/www.facebook.com\/mosnedesign","article_published_time":"2009-03-15T22:23:47+00:00","author":"admin_mm","twitter_card":"summary_large_image","twitter_creator":"@mosne","twitter_site":"@mosne","twitter_misc":{"\u00c9crit par":"admin_mm","Dur\u00e9e de lecture estim\u00e9e":"2 minutes"},"schema":{"@context":"https:\/\/schema.org","@graph":[{"@type":"WebPage","@id":"https:\/\/minimiam.com\/fr\/vernissage-de-lievin\/","url":"https:\/\/minimiam.com\/fr\/vernissage-de-lievin\/","name":"Vernissage de Li\u00e9vin. &bull; Minimiam","isPartOf":{"@id":"https:\/\/minimiam.com\/fr\/#website"},"datePublished":"2009-03-15T22:23:47+00:00","dateModified":"2009-03-15T22:23:47+00:00","author":{"@id":"https:\/\/minimiam.com\/#\/schema\/person\/51af5ec5d8729be28771b22e821d7761"},"breadcrumb":{"@id":"https:\/\/minimiam.com\/fr\/vernissage-de-lievin\/#breadcrumb"},"inLanguage":"fr-FR","potentialAction":[{"@type":"ReadAction","target":[["https:\/\/minimiam.com\/fr\/vernissage-de-lievin\/"]]}]},{"@type":"BreadcrumbList","@id":"https:\/\/minimiam.com\/fr\/vernissage-de-lievin\/#breadcrumb","itemListElement":[{"@type":"ListItem","position":1,"name":"Home","item":"https:\/\/minimiam.com\/fr\/"},{"@type":"ListItem","position":2,"name":"Vernissage de Li\u00e9vin."}]},{"@type":"WebSite","@id":"https:\/\/minimiam.com\/fr\/#website","url":"https:\/\/minimiam.com\/fr\/","name":"Minimiam","description":"Pierre et Akiko","potentialAction":[{"@type":"SearchAction","target":{"@type":"EntryPoint","urlTemplate":"https:\/\/minimiam.com\/fr\/?s={search_term_string}"},"query-input":"required name=search_term_string"}],"inLanguage":"fr-FR"},{"@type":"Person","@id":"https:\/\/minimiam.com\/#\/schema\/person\/51af5ec5d8729be28771b22e821d7761","name":"admin_mm","image":{"@type":"ImageObject","inLanguage":"fr-FR","@id":"https:\/\/minimiam.com\/fr\/#\/schema\/person\/image\/","url":"https:\/\/secure.gravatar.com\/avatar\/65087dddee9f68f0f1770463fc8d503e?s=96&d=mm&r=g","contentUrl":"https:\/\/secure.gravatar.com\/avatar\/65087dddee9f68f0f1770463fc8d503e?s=96&d=mm&r=g","caption":"admin_mm"}}]}},"_links":{"self":[{"href":"https:\/\/minimiam.com\/fr\/wp-json\/wp\/v2\/posts\/591"}],"collection":[{"href":"https:\/\/minimiam.com\/fr\/wp-json\/wp\/v2\/posts"}],"about":[{"href":"https:\/\/minimiam.com\/fr\/wp-json\/wp\/v2\/types\/post"}],"author":[{"embeddable":true,"href":"https:\/\/minimiam.com\/fr\/wp-json\/wp\/v2\/users\/1"}],"replies":[{"embeddable":true,"href":"https:\/\/minimiam.com\/fr\/wp-json\/wp\/v2\/comments?post=591"}],"version-history":[{"count":0,"href":"https:\/\/minimiam.com\/fr\/wp-json\/wp\/v2\/posts\/591\/revisions"}],"wp:attachment":[{"href":"https:\/\/minimiam.com\/fr\/wp-json\/wp\/v2\/media?parent=591"}],"wp:term":[{"taxonomy":"category","embeddable":true,"href":"https:\/\/minimiam.com\/fr\/wp-json\/wp\/v2\/categories?post=591"},{"taxonomy":"post_tag","embeddable":true,"href":"https:\/\/minimiam.com\/fr\/wp-json\/wp\/v2\/tags?post=591"}],"curies":[{"name":"wp","href":"https:\/\/api.w.org\/{rel}","templated":true}]}}