{"id":69,"date":"2007-10-10T21:15:47","date_gmt":"2007-10-10T21:15:47","guid":{"rendered":"http:\/\/news.mosne.it\/?p=69"},"modified":"2007-10-10T21:15:47","modified_gmt":"2007-10-10T21:15:47","slug":"titre-ou-l-expo-sans-nous","status":"publish","type":"post","link":"https:\/\/minimiam.com\/fr\/titre-ou-l-expo-sans-nous\/","title":{"rendered":"TITRE ou l&#039;expo sans nous!"},"content":{"rendered":"<p>Marseille. Cette ann\u00e9e, allez hop, c&#8217;est parti m\u00eame si notre emplois du temps est ric rac, nous r\u00e9pondons \u00e0 l&#8217;invitation de Marion Guibert qui poss\u00e8de une jolie librairie dans cette belle ville.<br \/> \u00c0 notre grande surprise, rien n&#8217;est d\u00e9fray\u00e9, ni billets de train, ni h\u00e9bergement, et je ne parle m\u00eame pas d&rsquo;un \u00e9ventuel repas \ud83d\ude42&nbsp;! Bon, sympa mais un peu l\u00e9ger tout de m\u00eame. <br \/>M&#8217;\u00e9tant engag\u00e9,  j&#8217;ai fait au mieux pour r\u00e9cup\u00e9rer des tirages d&#8217;expos pr\u00e9c\u00e9dentes et Marion ma assur\u00e9 l&#8217;accrochage. Nos agendas malheureusement ne tombe pas d&#8217;accord, donc, je n&#8217;ai pas fait le vernissage, et je ne ferais pas le d\u00e9crochage. C&#8217;est une premi\u00e8re&nbsp;! <br \/>N\u00e9anmoins, <strong><a href=\"http:\/\/titresurlenet.blogs.com\/\">la librairie de Marion<\/a><\/strong> est \u00e0 voir, plein de choses s&#8217;y trouvent et la s\u00e9lection des objets est remarquable.<\/p>\n<p><img decoding=\"async\" src=\"\/images\/librairie-titre.jpg\" alt=\"\" \/><\/p>\n<p>Les jumeaux de Marion, La librairie, Le buffet de chez <strong><a href=\"http:\/\/www.dubble-food.com\/\">DUBBLE<\/a><\/strong>.<\/p>\n","protected":false},"excerpt":{"rendered":"<p>Marseille. Cette ann\u00e9e, allez hop, c&#8217;est parti m\u00eame si notre emplois du temps est ric rac, nous r\u00e9pondons \u00e0 l&#8217;invitation de Marion Guibert qui poss\u00e8de une jolie librairie dans cette belle ville. \u00c0 notre grande surprise, rien n&#8217;est d\u00e9fray\u00e9, ni billets de train, ni h\u00e9bergement, et je ne parle m\u00eame pas d&rsquo;un \u00e9ventuel repas \ud83d\ude42&nbsp;! [&hellip;]<\/p>\n","protected":false},"author":1,"featured_media":0,"comment_status":"closed","ping_status":"open","sticky":false,"template":"","format":"standard","meta":[],"categories":[43],"tags":[],"acf":[],"yoast_head":"<!-- This site is optimized with the Yoast SEO plugin v20.8 - https:\/\/yoast.com\/wordpress\/plugins\/seo\/ -->\n<title>TITRE ou l&#039;expo sans nous! &bull; Minimiam<\/title>\n<meta name=\"robots\" content=\"index, follow, max-snippet:-1, max-image-preview:large, max-video-preview:-1\" \/>\n<link rel=\"canonical\" href=\"https:\/\/minimiam.com\/fr\/titre-ou-l-expo-sans-nous\/\" \/>\n<meta property=\"og:locale\" content=\"fr_FR\" \/>\n<meta property=\"og:type\" content=\"article\" \/>\n<meta property=\"og:title\" content=\"TITRE ou l&#039;expo sans nous! &bull; Minimiam\" \/>\n<meta property=\"og:description\" content=\"Marseille. Cette ann\u00e9e, allez hop, c&#8217;est parti m\u00eame si notre emplois du temps est ric rac, nous r\u00e9pondons \u00e0 l&#8217;invitation de Marion Guibert qui poss\u00e8de une jolie librairie dans cette belle ville. \u00c0 notre grande surprise, rien n&#8217;est d\u00e9fray\u00e9, ni billets de train, ni h\u00e9bergement, et je ne parle m\u00eame pas d&rsquo;un \u00e9ventuel repas \ud83d\ude42&nbsp;! [&hellip;]\" \/>\n<meta property=\"og:url\" content=\"https:\/\/minimiam.com\/fr\/titre-ou-l-expo-sans-nous\/\" \/>\n<meta property=\"og:site_name\" content=\"Minimiam\" \/>\n<meta property=\"article:publisher\" content=\"https:\/\/www.facebook.com\/mosnedesign\" \/>\n<meta property=\"article:published_time\" content=\"2007-10-10T21:15:47+00:00\" \/>\n<meta name=\"author\" content=\"admin_mm\" \/>\n<meta name=\"twitter:card\" content=\"summary_large_image\" \/>\n<meta name=\"twitter:creator\" content=\"@mosne\" \/>\n<meta name=\"twitter:site\" content=\"@mosne\" \/>\n<meta name=\"twitter:label1\" content=\"\u00c9crit par\" \/>\n\t<meta name=\"twitter:data1\" content=\"admin_mm\" \/>\n\t<meta name=\"twitter:label2\" content=\"Dur\u00e9e de lecture estim\u00e9e\" \/>\n\t<meta name=\"twitter:data2\" content=\"1 minute\" \/>\n<script type=\"application\/ld+json\" class=\"yoast-schema-graph\">{\"@context\":\"https:\/\/schema.org\",\"@graph\":[{\"@type\":\"WebPage\",\"@id\":\"https:\/\/minimiam.com\/fr\/titre-ou-l-expo-sans-nous\/\",\"url\":\"https:\/\/minimiam.com\/fr\/titre-ou-l-expo-sans-nous\/\",\"name\":\"TITRE ou l&#039;expo sans nous! &bull; Minimiam\",\"isPartOf\":{\"@id\":\"https:\/\/minimiam.com\/fr\/#website\"},\"datePublished\":\"2007-10-10T21:15:47+00:00\",\"dateModified\":\"2007-10-10T21:15:47+00:00\",\"author\":{\"@id\":\"https:\/\/minimiam.com\/#\/schema\/person\/51af5ec5d8729be28771b22e821d7761\"},\"breadcrumb\":{\"@id\":\"https:\/\/minimiam.com\/fr\/titre-ou-l-expo-sans-nous\/#breadcrumb\"},\"inLanguage\":\"fr-FR\",\"potentialAction\":[{\"@type\":\"ReadAction\",\"target\":[[\"https:\/\/minimiam.com\/fr\/titre-ou-l-expo-sans-nous\/\"]]}]},{\"@type\":\"BreadcrumbList\",\"@id\":\"https:\/\/minimiam.com\/fr\/titre-ou-l-expo-sans-nous\/#breadcrumb\",\"itemListElement\":[{\"@type\":\"ListItem\",\"position\":1,\"name\":\"Home\",\"item\":\"https:\/\/minimiam.com\/fr\/\"},{\"@type\":\"ListItem\",\"position\":2,\"name\":\"TITRE ou l&#039;expo sans nous!\"}]},{\"@type\":\"WebSite\",\"@id\":\"https:\/\/minimiam.com\/fr\/#website\",\"url\":\"https:\/\/minimiam.com\/fr\/\",\"name\":\"Minimiam\",\"description\":\"Pierre et Akiko\",\"potentialAction\":[{\"@type\":\"SearchAction\",\"target\":{\"@type\":\"EntryPoint\",\"urlTemplate\":\"https:\/\/minimiam.com\/fr\/?s={search_term_string}\"},\"query-input\":\"required name=search_term_string\"}],\"inLanguage\":\"fr-FR\"},{\"@type\":\"Person\",\"@id\":\"https:\/\/minimiam.com\/#\/schema\/person\/51af5ec5d8729be28771b22e821d7761\",\"name\":\"admin_mm\",\"image\":{\"@type\":\"ImageObject\",\"inLanguage\":\"fr-FR\",\"@id\":\"https:\/\/minimiam.com\/fr\/#\/schema\/person\/image\/\",\"url\":\"https:\/\/secure.gravatar.com\/avatar\/65087dddee9f68f0f1770463fc8d503e?s=96&d=mm&r=g\",\"contentUrl\":\"https:\/\/secure.gravatar.com\/avatar\/65087dddee9f68f0f1770463fc8d503e?s=96&d=mm&r=g\",\"caption\":\"admin_mm\"}}]}<\/script>\n<!-- \/ Yoast SEO plugin. -->","yoast_head_json":{"title":"TITRE ou l&#039;expo sans nous! &bull; Minimiam","robots":{"index":"index","follow":"follow","max-snippet":"max-snippet:-1","max-image-preview":"max-image-preview:large","max-video-preview":"max-video-preview:-1"},"canonical":"https:\/\/minimiam.com\/fr\/titre-ou-l-expo-sans-nous\/","og_locale":"fr_FR","og_type":"article","og_title":"TITRE ou l&#039;expo sans nous! &bull; Minimiam","og_description":"Marseille. Cette ann\u00e9e, allez hop, c&#8217;est parti m\u00eame si notre emplois du temps est ric rac, nous r\u00e9pondons \u00e0 l&#8217;invitation de Marion Guibert qui poss\u00e8de une jolie librairie dans cette belle ville. \u00c0 notre grande surprise, rien n&#8217;est d\u00e9fray\u00e9, ni billets de train, ni h\u00e9bergement, et je ne parle m\u00eame pas d&rsquo;un \u00e9ventuel repas \ud83d\ude42&nbsp;! [&hellip;]","og_url":"https:\/\/minimiam.com\/fr\/titre-ou-l-expo-sans-nous\/","og_site_name":"Minimiam","article_publisher":"https:\/\/www.facebook.com\/mosnedesign","article_published_time":"2007-10-10T21:15:47+00:00","author":"admin_mm","twitter_card":"summary_large_image","twitter_creator":"@mosne","twitter_site":"@mosne","twitter_misc":{"\u00c9crit par":"admin_mm","Dur\u00e9e de lecture estim\u00e9e":"1 minute"},"schema":{"@context":"https:\/\/schema.org","@graph":[{"@type":"WebPage","@id":"https:\/\/minimiam.com\/fr\/titre-ou-l-expo-sans-nous\/","url":"https:\/\/minimiam.com\/fr\/titre-ou-l-expo-sans-nous\/","name":"TITRE ou l&#039;expo sans nous! &bull; Minimiam","isPartOf":{"@id":"https:\/\/minimiam.com\/fr\/#website"},"datePublished":"2007-10-10T21:15:47+00:00","dateModified":"2007-10-10T21:15:47+00:00","author":{"@id":"https:\/\/minimiam.com\/#\/schema\/person\/51af5ec5d8729be28771b22e821d7761"},"breadcrumb":{"@id":"https:\/\/minimiam.com\/fr\/titre-ou-l-expo-sans-nous\/#breadcrumb"},"inLanguage":"fr-FR","potentialAction":[{"@type":"ReadAction","target":[["https:\/\/minimiam.com\/fr\/titre-ou-l-expo-sans-nous\/"]]}]},{"@type":"BreadcrumbList","@id":"https:\/\/minimiam.com\/fr\/titre-ou-l-expo-sans-nous\/#breadcrumb","itemListElement":[{"@type":"ListItem","position":1,"name":"Home","item":"https:\/\/minimiam.com\/fr\/"},{"@type":"ListItem","position":2,"name":"TITRE ou l&#039;expo sans nous!"}]},{"@type":"WebSite","@id":"https:\/\/minimiam.com\/fr\/#website","url":"https:\/\/minimiam.com\/fr\/","name":"Minimiam","description":"Pierre et Akiko","potentialAction":[{"@type":"SearchAction","target":{"@type":"EntryPoint","urlTemplate":"https:\/\/minimiam.com\/fr\/?s={search_term_string}"},"query-input":"required name=search_term_string"}],"inLanguage":"fr-FR"},{"@type":"Person","@id":"https:\/\/minimiam.com\/#\/schema\/person\/51af5ec5d8729be28771b22e821d7761","name":"admin_mm","image":{"@type":"ImageObject","inLanguage":"fr-FR","@id":"https:\/\/minimiam.com\/fr\/#\/schema\/person\/image\/","url":"https:\/\/secure.gravatar.com\/avatar\/65087dddee9f68f0f1770463fc8d503e?s=96&d=mm&r=g","contentUrl":"https:\/\/secure.gravatar.com\/avatar\/65087dddee9f68f0f1770463fc8d503e?s=96&d=mm&r=g","caption":"admin_mm"}}]}},"_links":{"self":[{"href":"https:\/\/minimiam.com\/fr\/wp-json\/wp\/v2\/posts\/69"}],"collection":[{"href":"https:\/\/minimiam.com\/fr\/wp-json\/wp\/v2\/posts"}],"about":[{"href":"https:\/\/minimiam.com\/fr\/wp-json\/wp\/v2\/types\/post"}],"author":[{"embeddable":true,"href":"https:\/\/minimiam.com\/fr\/wp-json\/wp\/v2\/users\/1"}],"replies":[{"embeddable":true,"href":"https:\/\/minimiam.com\/fr\/wp-json\/wp\/v2\/comments?post=69"}],"version-history":[{"count":0,"href":"https:\/\/minimiam.com\/fr\/wp-json\/wp\/v2\/posts\/69\/revisions"}],"wp:attachment":[{"href":"https:\/\/minimiam.com\/fr\/wp-json\/wp\/v2\/media?parent=69"}],"wp:term":[{"taxonomy":"category","embeddable":true,"href":"https:\/\/minimiam.com\/fr\/wp-json\/wp\/v2\/categories?post=69"},{"taxonomy":"post_tag","embeddable":true,"href":"https:\/\/minimiam.com\/fr\/wp-json\/wp\/v2\/tags?post=69"}],"curies":[{"name":"wp","href":"https:\/\/api.w.org\/{rel}","templated":true}]}}